{"id":502310,"date":"2025-10-16T04:28:17","date_gmt":"2025-10-16T04:28:17","guid":{"rendered":"https:\/\/www.europesays.com\/de\/502310\/"},"modified":"2025-10-16T04:28:17","modified_gmt":"2025-10-16T04:28:17","slug":"unser-tag-der-offenen-tuer-2025","status":"publish","type":"post","link":"https:\/\/www.europesays.com\/de\/502310\/","title":{"rendered":"Unser Tag der offenen T\u00fcr 2025"},"content":{"rendered":"<p class=\"small date article__date\">Ver\u00f6ffentlicht:\u00a0Donnerstag, 16.10.2025 05:39<\/p>\n<p>Am 2. November laden wir euch ein, hinter die Kulissen von Radio Bochum zu schauen. Bei unserem Tag der offenen T\u00fcr erlebt ihr wieder hautnah, wie der Radioalltag aussieht!<\/p>\n<p><img decoding=\"async\" alt=\"\" src=\"https:\/\/www.europesays.com\/de\/wp-content\/uploads\/2025\/10\/radio-bochum-tag-der-offenen-tuer-2024-0151.jpg&#038;crop=0x37x1800x1125&#038;resize=1280x800&#038;dt=2024091606463.jpeg\" data-size=\"1280x800\"\/>Das k\u00f6nnt ihr am Tag der offenen T\u00fcr bei uns erleben: <\/p>\n<p>Radio Bochum live und hautnah! Am 2. November \u00f6ffnen wir von 11 bis 17 Uhr unsere T\u00fcren in der Huestra\u00dfe 25, in der Bochumer Innenstadt. Macht mit bei unseren Studiof\u00fchrungen, lernt die Menschen hinter dem Mikrofon kennen und taucht gemeinsam mit uns in den Redaktionsalltag ein!<\/p>\n<p><a href=\"https:\/\/www.radiobochum.de\/externalimages\/?source=jpg676\/radio-bochum-tag-der-offenen-tuer-2024-0155.jpg&amp;dt=202409160646390&amp;resize=1280x853\" data-caption=\"\" itemprop=\"contentUrl\" data-size=\"1280x853\" target=\"_blank\" rel=\"noopener\"><img decoding=\"async\" alt=\"\" src=\"https:\/\/www.europesays.com\/de\/wp-content\/uploads\/2025\/10\/radio-bochum-tag-der-offenen-tuer-2024-0155.jpg&#038;crop=0x37x1800x1125&#038;resize=1280x800&#038;dt=2024091606463.jpeg\" data-size=\"1280x800\"\/><\/a>\u00a9 \u00a9 Mit Unterhaltung in und vor der Redaktion!<\/p>\n<p>Auch in der Huestra\u00dfe vor der Redaktion gibt es Unterhaltung! Unsere j\u00fcngeren H\u00f6rerinnen und H\u00f6rer k\u00f6nnen ihr Talent bei unseren Kindernachrichten in der Radio Box unter Beweis stellen, mit unserem Maskottchen Elch Emil kuscheln und Selfies machen! Dabei k\u00f6nnt ihr an unserer Kaffee-Bar einen leckeren hei\u00dfen Kaffee genie\u00dfen!<\/p>\n<p><a href=\"https:\/\/www.radiobochum.de\/externalimages\/?source=jpg676\/radio-bochum-tag-der-offenen-tuer-2024-0124.jpg&amp;dt=202409160646230&amp;resize=1280x853\" data-caption=\"\" itemprop=\"contentUrl\" data-size=\"1280x853\" target=\"_blank\" rel=\"noopener\"><img decoding=\"async\" alt=\"\" src=\"https:\/\/www.europesays.com\/de\/wp-content\/uploads\/2025\/10\/radio-bochum-tag-der-offenen-tuer-2024-0124.jpg&#038;crop=0x37x1800x1125&#038;resize=1280x800&#038;dt=2024091606462.jpeg\" data-size=\"1280x800\"\/><\/a>\u00a9 \u00a9 <a href=\"https:\/\/www.radiobochum.de\/externalimages\/?source=jpg676\/radio-bochum-tag-der-offenen-tuer-2024-0261.jpg&amp;dt=202409160723520&amp;resize=1280x853\" data-caption=\"\" itemprop=\"contentUrl\" data-size=\"1280x853\" target=\"_blank\" rel=\"noopener\"><img decoding=\"async\" alt=\"\" src=\"https:\/\/www.europesays.com\/de\/wp-content\/uploads\/2025\/10\/radio-bochum-tag-der-offenen-tuer-2024-0261.jpg&#038;crop=0x37x1800x1125&#038;resize=1280x800&#038;dt=2024091607235.jpeg\" data-size=\"1280x800\"\/><\/a>\u00a9 \u00a9 <\/p>\n","protected":false},"excerpt":{"rendered":"Ver\u00f6ffentlicht:\u00a0Donnerstag, 16.10.2025 05:39 Am 2. November laden wir euch ein, hinter die Kulissen von Radio Bochum zu schauen.&hellip;\n","protected":false},"author":2,"featured_media":502311,"comment_status":"","ping_status":"","sticky":false,"template":"","format":"standard","meta":{"footnotes":""},"categories":[1839],"tags":[7507,3364,29,30,1209,85325],"class_list":{"0":"post-502310","1":"post","2":"type-post","3":"status-publish","4":"format-standard","5":"has-post-thumbnail","7":"category-bochum","8":"tag-bochum","9":"tag-de","10":"tag-deutschland","11":"tag-germany","12":"tag-nordrhein-westfalen","13":"tag-tag-der-offenen-tr"},"share_on_mastodon":{"url":"https:\/\/pubeurope.com\/@de\/115381962083187093","error":""},"_links":{"self":[{"href":"https:\/\/www.europesays.com\/de\/wp-json\/wp\/v2\/posts\/502310","targetHints":{"allow":["GET"]}}],"collection":[{"href":"https:\/\/www.europesays.com\/de\/wp-json\/wp\/v2\/posts"}],"about":[{"href":"https:\/\/www.europesays.com\/de\/wp-json\/wp\/v2\/types\/post"}],"author":[{"embeddable":true,"href":"https:\/\/www.europesays.com\/de\/wp-json\/wp\/v2\/users\/2"}],"replies":[{"embeddable":true,"href":"https:\/\/www.europesays.com\/de\/wp-json\/wp\/v2\/comments?post=502310"}],"version-history":[{"count":0,"href":"https:\/\/www.europesays.com\/de\/wp-json\/wp\/v2\/posts\/502310\/revisions"}],"wp:featuredmedia":[{"embeddable":true,"href":"https:\/\/www.europesays.com\/de\/wp-json\/wp\/v2\/media\/502311"}],"wp:attachment":[{"href":"https:\/\/www.europesays.com\/de\/wp-json\/wp\/v2\/media?parent=502310"}],"wp:term":[{"taxonomy":"category","embeddable":true,"href":"https:\/\/www.europesays.com\/de\/wp-json\/wp\/v2\/categories?post=502310"},{"taxonomy":"post_tag","embeddable":true,"href":"https:\/\/www.europesays.com\/de\/wp-json\/wp\/v2\/tags?post=502310"}],"curies":[{"name":"wp","href":"https:\/\/api.w.org\/{rel}","templated":true}]}}