{"id":502325,"date":"2025-10-16T04:36:11","date_gmt":"2025-10-16T04:36:11","guid":{"rendered":"https:\/\/www.europesays.com\/de\/502325\/"},"modified":"2025-10-16T04:36:11","modified_gmt":"2025-10-16T04:36:11","slug":"das-gruene-band-als-europa-projekt","status":"publish","type":"post","link":"https:\/\/www.europesays.com\/de\/502325\/","title":{"rendered":"Das gr\u00fcne Band als Europa-Projekt"},"content":{"rendered":"<p>Bl\u00fchendes Leben am Todesstreifen: &#8211;<br \/>\nDas gr\u00fcne Band als Europa-Projekt<\/p>\n<p>Das Gr\u00fcne Band verl\u00e4uft quer durch Europa von Norwegen \u00fcber Deutschland bis zur T\u00fcrkei \u2013 ungef\u00e4hr dort, wo einst der Eiserne Vorhang Europa teilte. In \u00f6sterreichischen Steiermark sorgt das Naturschutzprojekt nicht nur f\u00fcr mehr Artenvielfalt, sondern kurbelt auch den Tourismus an.<\/p>\n","protected":false},"excerpt":{"rendered":"Bl\u00fchendes Leben am Todesstreifen: &#8211; Das gr\u00fcne Band als Europa-Projekt Das Gr\u00fcne Band verl\u00e4uft quer durch Europa von&hellip;\n","protected":false},"author":2,"featured_media":502326,"comment_status":"","ping_status":"","sticky":false,"template":"","format":"standard","meta":{"footnotes":""},"categories":[3933],"tags":[331,332,548,663,158,3934,3935,13,40201,3676,14,15,12,5329,5788],"class_list":{"0":"post-502325","1":"post","2":"type-post","3":"status-publish","4":"format-standard","5":"has-post-thumbnail","7":"category-eu","8":"tag-aktuelle-nachrichten","9":"tag-aktuelle-news","10":"tag-eu","11":"tag-europa","12":"tag-europaeische-union","13":"tag-europe","14":"tag-european-union","15":"tag-headlines","16":"tag-kategorien","17":"tag-mediathek","18":"tag-nachrichten","19":"tag-news","20":"tag-schlagzeilen","21":"tag-video","22":"tag-videos"},"share_on_mastodon":{"url":"https:\/\/pubeurope.com\/@de\/115381992438811584","error":""},"_links":{"self":[{"href":"https:\/\/www.europesays.com\/de\/wp-json\/wp\/v2\/posts\/502325","targetHints":{"allow":["GET"]}}],"collection":[{"href":"https:\/\/www.europesays.com\/de\/wp-json\/wp\/v2\/posts"}],"about":[{"href":"https:\/\/www.europesays.com\/de\/wp-json\/wp\/v2\/types\/post"}],"author":[{"embeddable":true,"href":"https:\/\/www.europesays.com\/de\/wp-json\/wp\/v2\/users\/2"}],"replies":[{"embeddable":true,"href":"https:\/\/www.europesays.com\/de\/wp-json\/wp\/v2\/comments?post=502325"}],"version-history":[{"count":0,"href":"https:\/\/www.europesays.com\/de\/wp-json\/wp\/v2\/posts\/502325\/revisions"}],"wp:featuredmedia":[{"embeddable":true,"href":"https:\/\/www.europesays.com\/de\/wp-json\/wp\/v2\/media\/502326"}],"wp:attachment":[{"href":"https:\/\/www.europesays.com\/de\/wp-json\/wp\/v2\/media?parent=502325"}],"wp:term":[{"taxonomy":"category","embeddable":true,"href":"https:\/\/www.europesays.com\/de\/wp-json\/wp\/v2\/categories?post=502325"},{"taxonomy":"post_tag","embeddable":true,"href":"https:\/\/www.europesays.com\/de\/wp-json\/wp\/v2\/tags?post=502325"}],"curies":[{"name":"wp","href":"https:\/\/api.w.org\/{rel}","templated":true}]}}