{"id":502329,"date":"2025-10-16T04:38:15","date_gmt":"2025-10-16T04:38:15","guid":{"rendered":"https:\/\/www.europesays.com\/de\/502329\/"},"modified":"2025-10-16T04:38:15","modified_gmt":"2025-10-16T04:38:15","slug":"waffenruheabkommen-israel-droht-hamas-mit-wiederaufnahme-der-kaempfe-im-gazastreifen","status":"publish","type":"post","link":"https:\/\/www.europesays.com\/de\/502329\/","title":{"rendered":"Waffenruheabkommen: Israel droht Hamas mit Wiederaufnahme der K\u00e4mpfe im Gazastreifen"},"content":{"rendered":"<p class=\"paragraph article__item\">Der israelische Verteidigungsminister Israel Katz hat <a class=\"rtr-entity\" href=\"https:\/\/www.zeit.de\/thema\/hamas\" target=\"_blank\" rel=\"noopener\">der Hamas<\/a> wegen der schleppenden <a href=\"https:\/\/www.zeit.de\/zeit-magazin\/leben\/2025-10\/israelische-geiseln-angehoerige-nahost-aufmerksamkeit\" class=\"\" target=\"_blank\" rel=\"noopener\">\u00dcbergabe get\u00f6teter Geiseln<\/a> mit einer Fortsetzung der Angriffe im Gazastreifen gedroht. &#8222;Wenn die Hamas sich weigert, das Abkommen einzuhalten, wird Israel in Abstimmung mit den Vereinigten Staaten die K\u00e4mpfe wieder aufnehmen&#8220;, k\u00fcndigte Katz nach Angaben seines B\u00fcros an. Er habe das Milit\u00e4r mit der Ausarbeitung eines umfassenden Plans zur Bek\u00e4mpfung der Hamas beauftragt, hei\u00dft es in der Mitteilung weiter.\u00a0\n<\/p>\n<p class=\"paragraph article__item\">US-Pr\u00e4sident <a class=\"rtr-entity\" href=\"https:\/\/www.zeit.de\/thema\/donald-trump\" target=\"_blank\" rel=\"noopener\">Donald Trump<\/a> unterst\u00fctzte die Drohung. Er k\u00f6nne Israel das Weiterf\u00fchren der K\u00e4mpfe jederzeit wieder erlauben, wenn die <a href=\"https:\/\/www.zeit.de\/thema\/hamas\" class=\"\" target=\"_blank\" rel=\"noopener\">Hamas<\/a> die Bedingungen des Friedensabkommens nicht einhalte, sagte er dem Sender CNN. &#8222;Israel wird auf diese Stra\u00dfen zur\u00fcckkehren, sobald ich das Wort spreche&#8220;, sagte er.\n<\/p>\n<p class=\"paragraph article__item\">Die Terrororganisation Hamas hatte bis Mittwoch zehn Leichen <a href=\"https:\/\/www.zeit.de\/politik\/ausland\/2025-10\/gazakrieg-uebergabe-tote-geiseln-israel\" class=\"\" target=\"_blank\" rel=\"noopener\">an Israel \u00fcberstellt<\/a>. Bei einer von ihnen handelte es sich nach Erkenntnissen israelischer Forensiker allerdings nicht um eine Geisel. Zwei der \u00fcbergebenen Leichen sind noch nicht identifiziert.\n<\/p>\n<p class=\"paragraph article__item\">Der bewaffnete Arm der Hamas teilte mit, er habe alle &#8222;erreichbaren&#8220; Geiselleichen \u00fcbergeben. F\u00fcr die Bergung der verbleibenden Leichen seien gro\u00dfe Anstrengungen und spezielle Ausr\u00fcstung n\u00f6tig. Israel hingegen behauptet mit Verweis auf Geheimdienstinformationen, dass die Hamas mindestens zehn weitere bergen k\u00f6nne. Das berichten die Nachrichtenseiten Axios und ynet. Laut dem Waffenruheabkommen h\u00e4tte die Hamas schon am Montag die Leichen aller 28 verstorbenen Geiseln \u00fcbergeben m\u00fcssen.\n<\/p>\n<p>        IKRR warnt vor Zusammenbruch der Waffenruhe        <\/p>\n<p class=\"paragraph article__item\">Mirjana Spoljaric Egger, die Pr\u00e4sidentin des Internationalen Komitees vom Roten Kreuz (IKRK), warnte vor einer neuen Eskalation im <a class=\"rtr-entity\" href=\"https:\/\/www.zeit.de\/thema\/gazastreifen\" target=\"_blank\" rel=\"noopener\">Gazastreifen<\/a>. &#8222;Gaza liegt in Tr\u00fcmmern, kaum ein Geb\u00e4ude ist nicht zerst\u00f6rt oder besch\u00e4digt. Es gibt keine Basisinfrastruktur, kein \u00fcberlebensf\u00e4higes Umfeld mehr. Es braucht massive humanit\u00e4re Hilfe, bevor an Wiederaufbau zu denken ist&#8220;, sagte Spoljaric Egger im Interview mit dem Spiegel.\u00a0\n<\/p>\n<p class=\"paragraph article__item\">Die gr\u00f6\u00dfte Sorge der weltweit wichtigsten Hilfsorganisation sei im Moment, &#8222;dass diese Waffenruhe zusammenbricht&#8220;. Zu viele Menschen seien ihrer Menschenw\u00fcrde beraubt worden. &#8222;Wenn noch einmal Krieg mit der bisherigen Intensit\u00e4t ausbricht, dann habe ich wenig Hoffnung daf\u00fcr, dass es irgendwann nochmal wieder gut werden k\u00f6nnte&#8220;, sagte sie und appellierte an die internationale Gemeinschaft, die humanit\u00e4re Hilfe zu verst\u00e4rken. &#8222;Die Kosten steigen, w\u00e4hrend die Budgets schrumpfen. Ohne ausreichende Mittel k\u00f6nnen wir unsere Arbeit nicht fortsetzen&#8220;, sagte\u00a0Spoljaric\u00a0Egger.\n<\/p>\n<p>        Hamas will sich laut Beratern an das Abkommen halten        <\/p>\n<p class=\"paragraph article__item\">Israel wirft der radikalislamischen Gruppe vor, sich nicht an das Abkommen zu halten, weil sie nicht sofort die sterblichen \u00dcberreste aller Verschleppten ausgeh\u00e4ndigt hat. Wie die Nachrichtenagentur AFP aus US-Beraterkreisen erfuhr, habe die Hamas aber vor, sich an das Abkommen zu halten.\n<\/p>\n<p>                            \u00a9\u00a0Lea Dohle<\/p>\n<p>\n                                        Newsletter<br \/>\n                                        Was jetzt? \u2013 Der t\u00e4gliche Morgen\u00fcberblick<\/p>\n<p class=\"newsletter-signup__text\">Starten Sie mit unserem kurzen Nachrichten-Newsletter in den Tag. Erhalten Sie zudem freitags den US-Sonderletter &#8222;Was jetzt, America?&#8220; sowie das digitale Magazin ZEIT am Wochenende.<\/p>\n<p class=\"newsletter-signup__datapolicy\" hidden=\"\">\n            Mit Ihrer Registrierung nehmen Sie die <a href=\"https:\/\/datenschutz.zeit.de\/zon#Newsletter\" target=\"_blank\" rel=\"noopener\">Datenschutzerkl\u00e4rung<\/a> zur Kenntnis.\n        <\/p>\n<p>    Vielen Dank! Wir haben Ihnen eine E-Mail geschickt.<\/p>\n<p>Pr\u00fcfen Sie Ihr Postfach und best\u00e4tigen Sie das Newsletter-Abonnement.<\/p>\n<p class=\"paragraph article__item\">Das Gazaabkommen war am vergangenen Freitag in Kraft getreten, nachdem Israel und die Hamas dem ersten Teil eines US-Friedensplans zugestimmt hatten. Der von Trump vorangetriebene und von zahlreichen Staaten unterst\u00fctzte <a href=\"https:\/\/www.zeit.de\/politik\/ausland\/2025-10\/nahost-israel-gaza-hamas-20-punkte-plan-usa\" class=\"\" target=\"_blank\" rel=\"noopener\">20-Punkte-Plan zur Beendigung des Gazakriegs<\/a> sieht in einer ersten Phase die \u00dcbergabe aller Hamas-Geiseln aus dem Gazastreifen und die Entlassung inhaftierter pal\u00e4stinensischer Gefangener aus israelischen Gef\u00e4ngnissen vor.\n<\/p>\n<p class=\"paragraph article__item\">Die letzten <a href=\"https:\/\/www.zeit.de\/2025\/44\/hamas-geiseln-freilassung-israel-familie\" class=\"\" target=\"_blank\" rel=\"noopener\">20 \u00fcberlebenden Hamas-Geiseln<\/a> kamen wie vereinbart am Montag frei. Daraufhin entlie\u00df Israel <a href=\"https:\/\/www.zeit.de\/politik\/ausland\/2025-10\/nahost-gaza-israel-laesst-gefangene-palaestinenser-frei\" class=\"\" target=\"_blank\" rel=\"noopener\">knapp 2.000 pal\u00e4stinensische H\u00e4ftlinge und Gefangene<\/a>, darunter 250 wegen t\u00f6dlicher Attentate Verurteilte.\n<\/p>\n<p class=\"paragraph article__item\"><a href=\"https:\/\/www.zeit.de\/index\" class=\"\" target=\"_blank\" rel=\"noopener\">Verfolgen Sie alle Entwicklungen im Gazakrieg in unserem Liveblog<\/a>.\n<\/p>\n<p>            Gaza-Abkommen        <\/p>\n<p>Mehr zum Thema<\/p>\n<p>                <a href=\"https:\/\/www.zeit.de\/zeit-magazin\/leben\/2025-10\/israelische-geiseln-angehoerige-nahost-aufmerksamkeit\" data-ct-label=\"Israelische Geiseln: Und die Toten? \" target=\"_blank\" rel=\"noopener\"><\/p>\n<p>        Z+ (abopflichtiger Inhalt);<\/p>\n<p>    Israelische Geiseln:<br \/>\n                        Und die Toten? <\/p>\n<p>                <\/a><\/p>\n<p>                <a href=\"https:\/\/www.zeit.de\/politik\/ausland\/2025-10\/hamas-gaza-friedensverhandlungen-entwaffnung-donald-trump\" data-ct-label=\"Hamas in Gaza: &quot;Die Hamas hat \u00fcberlebt. Sie bleibt die dominierende Kraft in Gaza&quot;\" target=\"_blank\" rel=\"noopener\"><\/p>\n<p>        Z+ (abopflichtiger Inhalt);<\/p>\n<p>    Hamas in Gaza:<br \/>\n                        &#8222;Die Hamas hat \u00fcberlebt. Sie bleibt die dominierende Kraft in Gaza&#8220;<\/p>\n<p>                <\/a><\/p>\n<p>                <a href=\"https:\/\/www.zeit.de\/2025\/44\/hamas-geiseln-freilassung-israel-familie\" data-ct-label=\"Hamas-Geiseln: Der lange Weg nach Hause\" target=\"_blank\" rel=\"noopener\"><\/p>\n<p>        Z+ (abopflichtiger Inhalt);<\/p>\n<p>    Hamas-Geiseln:<br \/>\n                        Der lange Weg nach Hause<\/p>\n<p>                <\/a><\/p>\n","protected":false},"excerpt":{"rendered":"Der israelische Verteidigungsminister Israel Katz hat der Hamas wegen der schleppenden \u00dcbergabe get\u00f6teter Geiseln mit einer Fortsetzung der&hellip;\n","protected":false},"author":2,"featured_media":502330,"comment_status":"","ping_status":"","sticky":false,"template":"","format":"standard","meta":{"footnotes":""},"categories":[5],"tags":[331,332,3364,29,106,20191,738,30,410,13,25906,7453,451,14,15,16,12,64,125661],"class_list":{"0":"post-502329","1":"post","2":"type-post","3":"status-publish","4":"format-standard","5":"has-post-thumbnail","7":"category-nachrichten","8":"tag-aktuelle-nachrichten","9":"tag-aktuelle-news","10":"tag-de","11":"tag-deutschland","12":"tag-donald-trump","13":"tag-fortsetzung","14":"tag-gazastreifen","15":"tag-germany","16":"tag-hamas","17":"tag-headlines","18":"tag-israel-katz","19":"tag-kampf","20":"tag-militaer","21":"tag-nachrichten","22":"tag-news","23":"tag-politik","24":"tag-schlagzeilen","25":"tag-usa","26":"tag-waffenruheabkommen"},"share_on_mastodon":{"url":"https:\/\/pubeurope.com\/@de\/115382000305124704","error":""},"_links":{"self":[{"href":"https:\/\/www.europesays.com\/de\/wp-json\/wp\/v2\/posts\/502329","targetHints":{"allow":["GET"]}}],"collection":[{"href":"https:\/\/www.europesays.com\/de\/wp-json\/wp\/v2\/posts"}],"about":[{"href":"https:\/\/www.europesays.com\/de\/wp-json\/wp\/v2\/types\/post"}],"author":[{"embeddable":true,"href":"https:\/\/www.europesays.com\/de\/wp-json\/wp\/v2\/users\/2"}],"replies":[{"embeddable":true,"href":"https:\/\/www.europesays.com\/de\/wp-json\/wp\/v2\/comments?post=502329"}],"version-history":[{"count":0,"href":"https:\/\/www.europesays.com\/de\/wp-json\/wp\/v2\/posts\/502329\/revisions"}],"wp:featuredmedia":[{"embeddable":true,"href":"https:\/\/www.europesays.com\/de\/wp-json\/wp\/v2\/media\/502330"}],"wp:attachment":[{"href":"https:\/\/www.europesays.com\/de\/wp-json\/wp\/v2\/media?parent=502329"}],"wp:term":[{"taxonomy":"category","embeddable":true,"href":"https:\/\/www.europesays.com\/de\/wp-json\/wp\/v2\/categories?post=502329"},{"taxonomy":"post_tag","embeddable":true,"href":"https:\/\/www.europesays.com\/de\/wp-json\/wp\/v2\/tags?post=502329"}],"curies":[{"name":"wp","href":"https:\/\/api.w.org\/{rel}","templated":true}]}}