{"id":502333,"date":"2025-10-16T04:40:11","date_gmt":"2025-10-16T04:40:11","guid":{"rendered":"https:\/\/www.europesays.com\/de\/502333\/"},"modified":"2025-10-16T04:40:11","modified_gmt":"2025-10-16T04:40:11","slug":"nach-bombensprengung-sankt-augustin-braucht-powerbanks","status":"publish","type":"post","link":"https:\/\/www.europesays.com\/de\/502333\/","title":{"rendered":"Nach Bombensprengung: Sankt Augustin braucht Powerbanks"},"content":{"rendered":"<p class=\"small date article__date\">Ver\u00f6ffentlicht:\u00a0Donnerstag, 16.10.2025 06:24<\/p>\n<p>Wie lief die erste kontrollierte Sprengung einer Weltkriegsbombe in Sankt Augustin? Der Stab f\u00fcr au\u00dfergew\u00f6hnliche Ereignisse der Stadt hat nach der Premiere am Dienstag jetzt eine Bilanz gezogen.<\/p>\n<p><img decoding=\"async\" alt=\"Marius Fuhrmann\" src=\"https:\/\/www.europesays.com\/de\/wp-content\/uploads\/2025\/10\/20251014-mfu-bombenfund-3.jpg&#038;crop=0x65x3110x1944&#038;resize=1280x800&#038;dt=202510141456250.jpeg\" data-size=\"1280x800\"\/><\/p>\n<p>Die f\u00e4llt \u00fcberwiegend positiv aus. Zum ersten Mal musste in Sankt Augustin eine Bombe gesprengt und nicht entsch\u00e4rft werden. Da h\u00e4tten viele R\u00e4der sehr gut ineinander gegriffen, sagte uns ein Stadtsprecher. Auch die sehr fr\u00fche Sperrung der A59 sei richtig gewesen, um sicherzustellen, dass am Dienstag kein Feierabendstau die Sprengung herausz\u00f6gert.<\/p>\n<p>Powerbanks fehlten<\/p>\n<p>An ein paar Stellen h\u00e4tte der Stab f\u00fcr au\u00dfergew\u00f6hnliche Ereignisse aber besser vorbereitet sein k\u00f6nnen. So sollen jetzt Powerbanks angeschafft werden, damit die Handys im Notfall l\u00e4nger halten.<\/p>\n","protected":false},"excerpt":{"rendered":"Ver\u00f6ffentlicht:\u00a0Donnerstag, 16.10.2025 06:24 Wie lief die erste kontrollierte Sprengung einer Weltkriegsbombe in Sankt Augustin? Der Stab f\u00fcr au\u00dfergew\u00f6hnliche&hellip;\n","protected":false},"author":2,"featured_media":502334,"comment_status":"","ping_status":"","sticky":false,"template":"","format":"standard","meta":{"footnotes":""},"categories":[1842],"tags":[9913,5543,10718,1741,3364,29,30,1209,24884],"class_list":{"0":"post-502333","1":"post","2":"type-post","3":"status-publish","4":"format-standard","5":"has-post-thumbnail","7":"category-bonn","8":"tag-a59","9":"tag-autobahn","10":"tag-bombensprengung","11":"tag-bonn","12":"tag-de","13":"tag-deutschland","14":"tag-germany","15":"tag-nordrhein-westfalen","16":"tag-sankt-augustin"},"share_on_mastodon":{"url":"https:\/\/pubeurope.com\/@de\/115382008706593772","error":""},"_links":{"self":[{"href":"https:\/\/www.europesays.com\/de\/wp-json\/wp\/v2\/posts\/502333","targetHints":{"allow":["GET"]}}],"collection":[{"href":"https:\/\/www.europesays.com\/de\/wp-json\/wp\/v2\/posts"}],"about":[{"href":"https:\/\/www.europesays.com\/de\/wp-json\/wp\/v2\/types\/post"}],"author":[{"embeddable":true,"href":"https:\/\/www.europesays.com\/de\/wp-json\/wp\/v2\/users\/2"}],"replies":[{"embeddable":true,"href":"https:\/\/www.europesays.com\/de\/wp-json\/wp\/v2\/comments?post=502333"}],"version-history":[{"count":0,"href":"https:\/\/www.europesays.com\/de\/wp-json\/wp\/v2\/posts\/502333\/revisions"}],"wp:featuredmedia":[{"embeddable":true,"href":"https:\/\/www.europesays.com\/de\/wp-json\/wp\/v2\/media\/502334"}],"wp:attachment":[{"href":"https:\/\/www.europesays.com\/de\/wp-json\/wp\/v2\/media?parent=502333"}],"wp:term":[{"taxonomy":"category","embeddable":true,"href":"https:\/\/www.europesays.com\/de\/wp-json\/wp\/v2\/categories?post=502333"},{"taxonomy":"post_tag","embeddable":true,"href":"https:\/\/www.europesays.com\/de\/wp-json\/wp\/v2\/tags?post=502333"}],"curies":[{"name":"wp","href":"https:\/\/api.w.org\/{rel}","templated":true}]}}