{"id":502335,"date":"2025-10-16T04:41:10","date_gmt":"2025-10-16T04:41:10","guid":{"rendered":"https:\/\/www.europesays.com\/de\/502335\/"},"modified":"2025-10-16T04:41:10","modified_gmt":"2025-10-16T04:41:10","slug":"streit-mit-regierung-ryanair-will-in-koeln-bonn-kuerzen","status":"publish","type":"post","link":"https:\/\/www.europesays.com\/de\/502335\/","title":{"rendered":"Streit mit Regierung: RyanAir will in K\u00f6ln\/Bonn k\u00fcrzen"},"content":{"rendered":"<p class=\"small date article__date\">Ver\u00f6ffentlicht:\u00a0Donnerstag, 16.10.2025 05:23<\/p>\n<p>Ein Streit der Airline Ryanair mit den deutschen Beh\u00f6rden hat nun Auswirkungen auf den Flughafen K\u00f6ln\/Bonn. Es geht um die geplante Erh\u00f6hung der Luftverkehrssteuer.<\/p>\n<p><img decoding=\"async\" alt=\"\" src=\"https:\/\/www.europesays.com\/de\/wp-content\/uploads\/2025\/10\/flughafen-koelnbonn2.jpg&#038;crop=0x92x4928x3080&#038;resize=1279x799&#038;dt=202110060641070.jpeg\" data-size=\"1279x799\"\/>\u00a9 K\u00f6ln Bonn Airport <\/p>\n<p>Die sei f\u00fcr Ryanair nicht tragbar, also w\u00fcrde man im Winterflugplan Verbindungen streichen. Der Ryanair-Rotstift trifft neun Flugh\u00e4fen, darunter auch den Airport K\u00f6ln\/Bonn. Nach Medienberichten sind es zwei Reiseziele, die von K\u00f6ln\/Bonn aus wegfallen k\u00f6nnten. Welche genau das sind, ist noch unklar, konkretere Informationen waren nicht zu bekommen.<\/p>\n<p>Forderung an Bundesregierung<\/p>\n<p>Ryanair fordert die Bundesregierung auf, die Steuererh\u00f6hung zur\u00fcckzunehmen. Dann w\u00fcrde die Airline keine Verbindungen streichen, sondern investieren und 30 zus\u00e4tzliche Flugzeuge in Deutschland stationieren.<\/p>\n","protected":false},"excerpt":{"rendered":"Ver\u00f6ffentlicht:\u00a0Donnerstag, 16.10.2025 05:23 Ein Streit der Airline Ryanair mit den deutschen Beh\u00f6rden hat nun Auswirkungen auf den Flughafen&hellip;\n","protected":false},"author":2,"featured_media":20289,"comment_status":"","ping_status":"","sticky":false,"template":"","format":"standard","meta":{"footnotes":""},"categories":[1842],"tags":[1741,1173,3364,29,44072,30,1209,1162],"class_list":{"0":"post-502335","1":"post","2":"type-post","3":"status-publish","4":"format-standard","5":"has-post-thumbnail","7":"category-bonn","8":"tag-bonn","9":"tag-bundesregierung","10":"tag-de","11":"tag-deutschland","12":"tag-flughafen-kln-bonn","13":"tag-germany","14":"tag-nordrhein-westfalen","15":"tag-ryanair"},"share_on_mastodon":{"url":"https:\/\/pubeurope.com\/@de\/115382012148472916","error":""},"_links":{"self":[{"href":"https:\/\/www.europesays.com\/de\/wp-json\/wp\/v2\/posts\/502335","targetHints":{"allow":["GET"]}}],"collection":[{"href":"https:\/\/www.europesays.com\/de\/wp-json\/wp\/v2\/posts"}],"about":[{"href":"https:\/\/www.europesays.com\/de\/wp-json\/wp\/v2\/types\/post"}],"author":[{"embeddable":true,"href":"https:\/\/www.europesays.com\/de\/wp-json\/wp\/v2\/users\/2"}],"replies":[{"embeddable":true,"href":"https:\/\/www.europesays.com\/de\/wp-json\/wp\/v2\/comments?post=502335"}],"version-history":[{"count":0,"href":"https:\/\/www.europesays.com\/de\/wp-json\/wp\/v2\/posts\/502335\/revisions"}],"wp:featuredmedia":[{"embeddable":true,"href":"https:\/\/www.europesays.com\/de\/wp-json\/wp\/v2\/media\/20289"}],"wp:attachment":[{"href":"https:\/\/www.europesays.com\/de\/wp-json\/wp\/v2\/media?parent=502335"}],"wp:term":[{"taxonomy":"category","embeddable":true,"href":"https:\/\/www.europesays.com\/de\/wp-json\/wp\/v2\/categories?post=502335"},{"taxonomy":"post_tag","embeddable":true,"href":"https:\/\/www.europesays.com\/de\/wp-json\/wp\/v2\/tags?post=502335"}],"curies":[{"name":"wp","href":"https:\/\/api.w.org\/{rel}","templated":true}]}}