{"id":502336,"date":"2025-10-16T04:42:50","date_gmt":"2025-10-16T04:42:50","guid":{"rendered":"https:\/\/www.europesays.com\/de\/502336\/"},"modified":"2025-10-16T04:42:50","modified_gmt":"2025-10-16T04:42:50","slug":"museummobil-wanderausstellung-zur-nrw-geschichte-kommt-nach-duisburg","status":"publish","type":"post","link":"https:\/\/www.europesays.com\/de\/502336\/","title":{"rendered":"MuseumMobil: Wanderausstellung zur NRW-Geschichte kommt nach Duisburg"},"content":{"rendered":"<p class=\"small date article__date\">Ver\u00f6ffentlicht:\u00a0Mittwoch, 15.10.2025 11:54<\/p>\n<p>Das MuseumMobil vom Haus der Geschichte NRW macht ab heute Station in Duisburg. In dem Container wird die Geschichte von Nordrhein-Westfalen von der Landesgr\u00fcndung bis heute gezeigt.\u00a0<\/p>\n<p><img decoding=\"async\" alt=\"MuseumMobil in Duisburg\" src=\"https:\/\/www.europesays.com\/de\/wp-content\/uploads\/2025\/10\/museummobil-in-duisburg.jpg&#038;crop=0x0x5556x3472&#038;resize=1280x799&#038;dt=202510151146590.jpeg\" data-size=\"1280x799\"\/>\u00a9 Erwin Pottgiesser \/ FUNKE Foto Services<\/p>\n<p>Das Haus der Geschichte NRW bringt seine Wanderausstellung &#8222;MuseumMobil&#8220; nach Duisburg. Vom 16. bis 26. Oktober 2025 k\u00f6nnen Besucher in einem mobilen Container die Geschichte Nordrhein-Westfalens erkunden. Die Ausstellung startet heute (15.10.) um 18 Uhr im Rathaus und ist danach an zwei verschiedenen Standorten in der Innenstadt zu sehen.<\/p>\n<p>Zwei Standorte in der Duisburger Innenstadt<\/p>\n<p>Das MuseumMobil macht zun\u00e4chst vom 16. bis 24. Oktober auf dem K\u00f6nig-Heinrich-Platz Station. Anschlie\u00dfend zieht die Ausstellung f\u00fcr die letzten beiden Tage, den 25. und 26. Oktober, auf den Johannes-Corputius-Platz um. In dem Container pr\u00e4sentiert das Haus der Geschichte NRW Geschichten aus der Landesgeschichte \u2013 von der Gr\u00fcndung Nordrhein-Westfalens bis in die Gegenwart.<\/p>\n<p>Mitmachen erw\u00fcnscht: Eigene Geschichten einbringen<\/p>\n<p>Die Wanderausstellung setzt auf Interaktion. Besucher k\u00f6nnen nicht nur die pr\u00e4sentierten Exponate betrachten, sondern sind ausdr\u00fccklich eingeladen, ihre eigenen Geschichten und Erinnerungen mit einzubringen. Ziel ist es, den Austausch \u00fcber die nordrhein-westf\u00e4lische Geschichte anzuregen. Erg\u00e4nzend zur Ausstellung gibt es ein Begleitprogramm mit Gespr\u00e4chen, einem Sammelsamstag sowie speziellen Angeboten f\u00fcr Gruppen und Kinder.<\/p>\n","protected":false},"excerpt":{"rendered":"Ver\u00f6ffentlicht:\u00a0Mittwoch, 15.10.2025 11:54 Das MuseumMobil vom Haus der Geschichte NRW macht ab heute Station in Duisburg. In dem&hellip;\n","protected":false},"author":2,"featured_media":502337,"comment_status":"","ping_status":"","sticky":false,"template":"","format":"standard","meta":{"footnotes":""},"categories":[1838],"tags":[125662,13849,125663,3364,29,3715,30,2989,2264,1209,2218],"class_list":{"0":"post-502336","1":"post","2":"type-post","3":"status-publish","4":"format-standard","5":"has-post-thumbnail","7":"category-duisburg","8":"tag-haus-der-geschichte-nrw","9":"tag-haus-der-geschichte","10":"tag-museummobil","11":"tag-de","12":"tag-deutschland","13":"tag-duisburg","14":"tag-germany","15":"tag-geschichte","16":"tag-museum","17":"tag-nordrhein-westfalen","18":"tag-rathaus"},"share_on_mastodon":{"url":"https:\/\/pubeurope.com\/@de\/115382020363599275","error":""},"_links":{"self":[{"href":"https:\/\/www.europesays.com\/de\/wp-json\/wp\/v2\/posts\/502336","targetHints":{"allow":["GET"]}}],"collection":[{"href":"https:\/\/www.europesays.com\/de\/wp-json\/wp\/v2\/posts"}],"about":[{"href":"https:\/\/www.europesays.com\/de\/wp-json\/wp\/v2\/types\/post"}],"author":[{"embeddable":true,"href":"https:\/\/www.europesays.com\/de\/wp-json\/wp\/v2\/users\/2"}],"replies":[{"embeddable":true,"href":"https:\/\/www.europesays.com\/de\/wp-json\/wp\/v2\/comments?post=502336"}],"version-history":[{"count":0,"href":"https:\/\/www.europesays.com\/de\/wp-json\/wp\/v2\/posts\/502336\/revisions"}],"wp:featuredmedia":[{"embeddable":true,"href":"https:\/\/www.europesays.com\/de\/wp-json\/wp\/v2\/media\/502337"}],"wp:attachment":[{"href":"https:\/\/www.europesays.com\/de\/wp-json\/wp\/v2\/media?parent=502336"}],"wp:term":[{"taxonomy":"category","embeddable":true,"href":"https:\/\/www.europesays.com\/de\/wp-json\/wp\/v2\/categories?post=502336"},{"taxonomy":"post_tag","embeddable":true,"href":"https:\/\/www.europesays.com\/de\/wp-json\/wp\/v2\/tags?post=502336"}],"curies":[{"name":"wp","href":"https:\/\/api.w.org\/{rel}","templated":true}]}}