{"id":502340,"date":"2025-10-16T04:44:21","date_gmt":"2025-10-16T04:44:21","guid":{"rendered":"https:\/\/www.europesays.com\/de\/502340\/"},"modified":"2025-10-16T04:44:21","modified_gmt":"2025-10-16T04:44:21","slug":"das-sind-die-schoensten-weihnachtsmaerkte-in-bayern","status":"publish","type":"post","link":"https:\/\/www.europesays.com\/de\/502340\/","title":{"rendered":"Das sind die sch\u00f6nsten Weihnachtsm\u00e4rkte in Bayern"},"content":{"rendered":"<ol class=\"id-DonaldBreadcrumb lp_west_breadcrumb id-DonaldBreadcrumb--default\" data-k5a-pos=\"west_breadcrumb\">\n<li class=\"id-Breadcrumb-item\"><a href=\"https:\/\/www.merkur.de\/\" class=\"id-Breadcrumb-link\" data-id-ec=\"{\" shn=\"\" textlink=\"\" data-k5a-pos=\"1_startseite\" rel=\"nofollow noopener\" target=\"_blank\">Startseite<\/a><\/li>\n<li class=\"id-Breadcrumb-item\"><a href=\"https:\/\/www.merkur.de\/bayern\/\" class=\"id-Breadcrumb-link\" data-id-ec=\"{\" shn=\"\" textlink=\"\" data-k5a-pos=\"2_bayern\" rel=\"nofollow noopener\" target=\"_blank\">Bayern<\/a><\/li>\n<\/ol>\n<p class=\"id-Story-timestamp id-Story-timestamp--default\">Stand: 15.10.2025, 15:09 Uhr<\/p>\n<p class=\"id-Story-authors id-Story-authors--default\">Von: <a class=\"id-Story-authors-link lp_west_author\" href=\"https:\/\/www.merkur.de\/autor\/theresa-salmansberger-gu4f03g5q.html\" title=\"Zur Autorenseite von Theresa Salmansberger\" data-id-ec=\"{\" shn=\"\" author-link=\"\" salmansberger=\"\" data-k5a-pos=\"west_author\" rel=\"nofollow noopener\" target=\"_blank\">Theresa Salmansberger<\/a><\/p>\n<p class=\"id-Story-interactionBar id-Story-interactionBar--default\">DruckenTeilen<\/p>\n<p class=\"id-StoryElement-leadText\">Schwimmend, mittelalterlich oder kerzenbeleuchtet: Wir haben nicht nur die gr\u00f6\u00dften, sondern auch die besondersten Weihnachtsm\u00e4rkte in Bayern gefunden.<\/p>\n<p class=\"id-StoryElement-paragraph\">Bayern \u2013 W\u00e4hrend sich die einen im Winter mit einer Tasse Kakao in eine dicke Decke einkuscheln und ihre Lieblingsserie schauen, setzen andere lieber auf Action beim Skifahren oder Schlittschuhlaufen. Doch mit einer Sache kann man beide Typen von Mensch \u00fcberzeugen: Weihnachtsm\u00e4rkte. Mit einem Gl\u00fchwein in der einen und Lebkuchen in der anderen Hand bei sanfter Weihnachtsmusik durch die h\u00fcbsch dekorierten St\u00e4ndchen schlendern \u2013 Das hat schon etwas Magisches. Und in Bayern gibt es jede Menge dieser Christkindlm\u00e4rkte, die einen Besuch wert sind. Wir haben die Sch\u00f6nsten aus jedem Regierungsbezirk herausgesucht.<\/p>\n<tr class=\"id-StoryElement-table-row\">\n<td class=\"id-StoryElement-table-cell\">Der h\u00f6chstgelegene Weihnachtsmarkt Deutschlands<\/td>\n<td class=\"id-StoryElement-table-cell\">auf der Zugspitze (in knapp 3.000 Metern H\u00f6he)<\/td>\n<\/tr>\n<tr class=\"id-StoryElement-table-row\">\n<td class=\"id-StoryElement-table-cell\">Der fr\u00fcheste Weihnachtsmarkt Bayerns<\/td>\n<td class=\"id-StoryElement-table-cell\">in Bayreuth (startet Mitte Oktober)<\/td>\n<\/tr>\n<tr class=\"id-StoryElement-table-row\">\n<td class=\"id-StoryElement-table-cell\">Der kleinste Weihnachtsmarkt Bayerns<\/td>\n<td class=\"id-StoryElement-table-cell\">in Deuerling (ein Stand auf dem Dorfplatz)<\/td>\n<\/tr>\n<tr class=\"id-StoryElement-table-row\">\n<td class=\"id-StoryElement-table-cell\">Der internationalste Weihnachtsmarkt Bayerns<\/td>\n<td class=\"id-StoryElement-table-cell\">in Bayerisch Eisenstein (direkt an tschechischer Grenze)<\/td>\n<\/tr>\n<tr class=\"id-StoryElement-table-row\">\n<td class=\"id-StoryElement-table-cell\">Der bunteste Weihnachtsmarkt Bayerns<\/td>\n<td class=\"id-StoryElement-table-cell\">Pink Christmas in M\u00fcnchen (Queerer Weihnachtsmarkt)<\/td>\n<\/tr>\n<p>Oberbayern: Der gr\u00f6\u00dfte Weihnachtsmarkt Bayerns liegt in M\u00fcnchen<\/p>\n<p class=\"id-StoryElement-paragraph\">Fangen wir mit einem Klassiker an, der wohl niemandem entgeht: der Christkindlmarkt am <a href=\"https:\/\/www.tz.de\/muenchen\/stadt\/marienplatz-in-muenchen-mit-glockenspiel-und-fc-bayern-meisterfeier-93924675.html\" class=\"id-import-Link id-pageApi-Link--externalDomain\" data-id-ec=\"{&quot;sht&quot;:&quot;Container&quot;,&quot;shn&quot;:&quot;Story&quot;,&quot;p&quot;:{&quot;containerType&quot;:&quot;Paragraph&quot;,&quot;displayType&quot;:&quot;Paragraph InlineLink&quot;,&quot;type&quot;:&quot;INLINE_LINK&quot;,&quot;value&quot;:&quot;Marienplatz&quot;,&quot;variant&quot;:&quot;standardLink&quot;,&quot;sponsored&quot;:false,&quot;linkHref&quot;:&quot;https:\/\/www.tz.de\/muenchen\/stadt\/marienplatz-in-muenchen-mit-glockenspiel-und-fc-bayern-meisterfeier-93924675.html&quot;,&quot;storyElementPosition&quot;:12,&quot;storyElementCount&quot;:48}}\" rel=\"nofollow noopener\" target=\"_blank\">Marienplatz<\/a> in <a href=\"https:\/\/www.tz.de\/muenchen\/stadt\/\" class=\"id-import-Link id-pageApi-Link--externalDomain\" title=\"M&#xFC;nchen\" data-id-ec=\"{&quot;sht&quot;:&quot;Container&quot;,&quot;shn&quot;:&quot;Story&quot;,&quot;p&quot;:{&quot;containerType&quot;:&quot;Paragraph&quot;,&quot;displayType&quot;:&quot;Paragraph InlineLink&quot;,&quot;type&quot;:&quot;INLINE_LINK&quot;,&quot;value&quot;:&quot;M&#xFC;nchen&quot;,&quot;variant&quot;:&quot;standardLink&quot;,&quot;sponsored&quot;:false,&quot;linkHref&quot;:&quot;https:\/\/www.tz.de\/muenchen\/stadt\/&quot;,&quot;storyElementPosition&quot;:12,&quot;storyElementCount&quot;:48}}\" rel=\"nofollow noopener\" target=\"_blank\">M\u00fcnchen<\/a>. Der Traditionsmarkt besteht bereits seit dem 14. Jahrhundert und ist \u2013 wie es sich f\u00fcr die Landeshauptstadt geh\u00f6rt \u2013 der gr\u00f6\u00dfte in ganz Bayern. Bezieht man sich auf den Kripperlmarkt, der einen Teil dieses Weihnachtsmarktes bildet, ist er sogar deutschlandweit der gr\u00f6\u00dfte. Wer also winterlich-bayerischen Charme auf breiter Fl\u00e4che nicht verpassen m\u00f6chte, sollte dem Marienplatz ab Ende November eine Chance geben.<\/p>\n<p><img decoding=\"async\" class=\"id-RatioPlaceholder-element wv_story_el_image\" src=\"https:\/\/www.europesays.com\/de\/wp-content\/uploads\/2025\/10\/40022940-der-muenchner-christkindlmarkt-am-marienplatz-besteht-seit-dem-14-jahrhundert-RiBG.jpg\" loading=\"lazy\"   height=\"673\" width=\"1100\" alt=\"Der M&#xFC;nchner Christkindlmarkt am Marienplatz besteht seit dem 14. Jahrhundert.\"\/>Der M\u00fcnchner Christkindlmarkt am Marienplatz besteht seit dem 14. Jahrhundert. \u00a9\u00a0Peter Kneffel \/ dpa<\/p>\n<p class=\"id-StoryElement-paragraph\">In Oberbayern gibt es aber auch zwei besondere Geheimtipps, die vor allem f\u00fcr Romantiker interessant sein sollten. Zum einen der Weihnachtsmarkt in <a href=\"https:\/\/www.merkur.de\/lokales\/starnberg\/diessen-ort28582\/\" class=\"id-import-Link\" title=\"Die&#xDF;en\" data-id-ec=\"{&quot;sht&quot;:&quot;Container&quot;,&quot;shn&quot;:&quot;Story&quot;,&quot;p&quot;:{&quot;containerType&quot;:&quot;Paragraph&quot;,&quot;displayType&quot;:&quot;Paragraph InlineLink&quot;,&quot;type&quot;:&quot;INLINE_LINK&quot;,&quot;value&quot;:&quot;Die&#xDF;en am Ammersee&quot;,&quot;variant&quot;:&quot;standardLink&quot;,&quot;sponsored&quot;:false,&quot;linkHref&quot;:&quot;https:\/\/www.merkur.de\/lokales\/starnberg\/diessen-ort28582\/&quot;,&quot;storyElementPosition&quot;:15,&quot;storyElementCount&quot;:48}}\" rel=\"nofollow noopener\" target=\"_blank\">Die\u00dfen am Ammersee<\/a>: Er ist vollst\u00e4ndig mit Kerzen beleuchtet. Kein elektrisches Licht, daf\u00fcr 35 St\u00e4nde mit Kunsthandwerk \u2013 Die abendliche Stimmung dort kann sich jeder selbst ausmalen. Zum anderen ist man auf dem Christkindlmarkt auf der Fraueninsel abgeschottet von der Masse. Er ist mitten im Chiemsee und nur mit der F\u00e4hre erreichbar. Das romantische Insel-Feeling macht die Atmosph\u00e4re einzigartig.<\/p>\n<p>Niederbayern: Der Vilshofener Christkindlmarkt schwimmt auf der Donau<\/p>\n<p class=\"id-StoryElement-paragraph\">In Niederbayern k\u00f6nnte der Passauer Christkindlmarkt ein Begriff sein, denn alleine die historische Altstadt mit den barocken H\u00e4usern ist schon ein Hingucker. Der Markt direkt vor dem imposanten Stephansdom macht deshalb einiges her. Diesbez\u00fcglich l\u00e4sst sich auch der traditionelle Christkindlmarkt in Straubing nichts nachsagen. Er streckt sich \u00fcber die beiden Stadtpl\u00e4tze unter den markanten T\u00fcrmen, den Wahrzeichen der Stadt.<\/p>\n<p><img decoding=\"async\" class=\"id-RatioPlaceholder-element wv_story_el_image\" src=\"https:\/\/www.europesays.com\/de\/wp-content\/uploads\/2025\/10\/40023027-der-schwimmende-christkindlmarkt-in-vilshofen-an-der-donau-ist-in-bayern-einzigartig-QWBG.j.jpeg\" loading=\"lazy\"   height=\"733\" width=\"1100\" alt=\"Der schwimmende Christkindlmarkt in Vilshofen an der Donau ist in Bayern einzigartig.\"\/>Der schwimmende Christkindlmarkt in Vilshofen an der Donau ist in Bayern einzigartig. \u00a9\u00a0IMAGO \/ Volker Preusser<\/p>\n<p class=\"id-StoryElement-paragraph\">Wem die sch\u00f6nen St\u00e4dte nicht reichen, kann sich in Niederbayern f\u00fcr einen Weihnachtsmarkt auch aufs Wasser wagen. Auf der Donau, genauer bei Vilshofen, schwimmt der Christkindlmarkt n\u00e4mlich \u2013 auf zwei Schiffen. Das ist in Bayern vollkommen einzigartig. Sp\u00e4testens am Abend, wenn sich das Licht auf dem Wasser spiegelt, kommt dort jeder Romantiker ins Schw\u00e4rmen.<\/p>\n<p class=\"id-StoryElement-paragraph\">(\u00dcbrigens: Unser <a href=\"https:\/\/www.merkur.de\/sso\/register?redirect_uri=https%3A%2F%2Faccounts.user.id%2Faccount%2Fnewsletter%2Fsubscribe%2FSKU-00000928&amp;source=mt_newsletter-intern_web\" target=\"_blank\" class=\"id-import-Link\" data-id-ec=\"{&quot;sht&quot;:&quot;Container&quot;,&quot;shn&quot;:&quot;Story&quot;,&quot;p&quot;:{&quot;containerType&quot;:&quot;Paragraph&quot;,&quot;displayType&quot;:&quot;Paragraph InlineLink&quot;,&quot;type&quot;:&quot;INLINE_LINK&quot;,&quot;value&quot;:&quot;Bayern-Newsletter&quot;,&quot;variant&quot;:&quot;standardLink&quot;,&quot;sponsored&quot;:false,&quot;linkHref&quot;:&quot;https:\/\/www.merkur.de\/sso\/register?redirect_uri=https%3A%2F%2Faccounts.user.id%2Faccount%2Fnewsletter%2Fsubscribe%2FSKU-00000928&amp;source=mt_newsletter-intern_web&quot;,&quot;storyElementPosition&quot;:22,&quot;storyElementCount&quot;:48}}\" rel=\"nofollow noopener\">Bayern-Newsletter<\/a> informiert Sie t\u00e4glich \u00fcber alle wichtigen Geschichten aus Bayern. Jetzt nach einer kurzen Registrierung bei unserem Medien-Login USER.ID anmelden.)<\/p>\n<p>Oberfranken: Weihnachtsm\u00e4rkte zwischen festlicher Atmosph\u00e4re und historischen Geb\u00e4uden<\/p>\n<p class=\"id-StoryElement-paragraph\">Etwas lauter, aber daf\u00fcr noch festlicher, ist es auf dem Bayreuther Christkindlmarkt in Oberfranken. Eine Lichterkette von etwa sieben Kilometern L\u00e4nge schm\u00fcckt die Innenstadt und sorgt f\u00fcr Wohlf\u00fchlatmosph\u00e4re. Noch gr\u00f6\u00dfer ist der Weihnachtsmarkt in Bamberg. Obwohl die Altstadt mit dem UNESCO-Weltkulturerbe ausgezeichnet wurde und somit \u00e4u\u00dferst sehenswert ist, kostet der Eintritt in den Markt nichts. <\/p>\n<p>Winterm\u00e4rchen in Bayern: Weihnachtsm\u00e4rkte in historischen Schl\u00f6ssern und Burgen<img decoding=\"async\" class=\"id-RatioPlaceholder-element wv_story_el_interstitialImage\" src=\"https:\/\/www.europesays.com\/de\/wp-content\/uploads\/2025\/10\/36336823-auf-schloss-tuessling-im-landkreis-altoetting-gibt-es-seit-diesem-jahr-eine-grosse-veraende.jpeg\" loading=\"lazy\"   height=\"800\" width=\"1200\" alt=\"Auf Schloss T&#xFC;&#xDF;ling im Landkreis Alt&#xF6;tting gibt es seit diesem Jahr eine gro&#xDF;e Ver&#xE4;nderung: F&#xFC;r die Adventszeit verwandelt sich das Areal in einen Lichter-Park und Weihnachtsmarkt.\"\/><a href=\"https:\/\/www.merkur.de\/bayern\/bayern-weihnachtsmaerkte-in-historischen-schloessern-und-burgen-wintermaerchen-in-93441299.html\" class=\"id-StoryElement-intestitialLink-link\" data-id-ec=\"{\" shn=\"\" ansehen=\"\" data-k5a-pos=\"west_story_25_photoGalleryLink\" title=\"Zur Fotostrecke: Winterm&#xE4;rchen in Bayern: Weihnachtsm&#xE4;rkte in historischen Schl&#xF6;ssern und Burgen\" rel=\"nofollow noopener\" target=\"_blank\">Fotostrecke ansehen<\/a><\/p>\n<p class=\"id-StoryElement-paragraph\">Auf dem Coburger Weihnachtsmarkt findet man sich auf einem romantischen Marktplatz wieder zwischen historischem Rathaus und herzoglicher Kanzlei. Eine Besonderheit ist dort die Bratwurst, die traditionell \u00fcber offenem Feuer mit getrockneten Kiefernzapfen gegrillt wird. Das verleiht der Wurst ihr rauchiges Aroma \u2013 ein Markenzeichen, das viele Besucher anzieht.<\/p>\n<p>Mittelfranken: N\u00fcrnberger Christkindlesmarkt z\u00e4hlt zu den ber\u00fchmtesten weltweit<\/p>\n<p class=\"id-StoryElement-paragraph\">Noch deutlich mehr Besucher zieht aber der <a href=\"https:\/\/www.merkur.de\/bayern\/nuernberg\/nuernberger-christkindlesmarkt-2023-geschichte-und-oeffnungszeiten-92672945.html\" class=\"id-import-Link\" data-id-ec=\"{&quot;sht&quot;:&quot;Container&quot;,&quot;shn&quot;:&quot;Story&quot;,&quot;p&quot;:{&quot;containerType&quot;:&quot;Paragraph&quot;,&quot;displayType&quot;:&quot;Paragraph InlineLink&quot;,&quot;type&quot;:&quot;INLINE_LINK&quot;,&quot;value&quot;:&quot;N&#xFC;rnberger Christkindlesmarkt&quot;,&quot;variant&quot;:&quot;standardLink&quot;,&quot;sponsored&quot;:false,&quot;linkHref&quot;:&quot;https:\/\/www.merkur.de\/bayern\/nuernberg\/nuernberger-christkindlesmarkt-2023-geschichte-und-oeffnungszeiten-92672945.html&quot;,&quot;storyElementPosition&quot;:30,&quot;storyElementCount&quot;:48}}\" rel=\"nofollow noopener\" target=\"_blank\">N\u00fcrnberger Christkindlesmarkt<\/a> an \u2013 Nicht umsonst z\u00e4hlt er zu den \u00e4ltesten und ber\u00fchmtesten auf der ganzen Welt. Das hat mehrere Gr\u00fcnde. Zum einen reicht seine Geschichte bis ins 16. Jahrhundert zur\u00fcck und die Lage auf dem historischen Hauptmarkt mit der gotischen Frauenkirche und dem Rathaus sorgt f\u00fcr eine malerische Kulisse. Au\u00dferdem ist die Rolle des N\u00fcrnberger Christkinds als festliche Er\u00f6ffnungsfigur ber\u00fchmt. Nicht zu vergessen sind nat\u00fcrlich die traditionellen N\u00fcrnberger Lebkuchen, die eine \u00e4hnlich lange Geschichte wie der Weihnachtsmarkt selbst haben.<\/p>\n<p><img decoding=\"async\" class=\"id-RatioPlaceholder-element wv_story_el_image\" src=\"https:\/\/www.europesays.com\/de\/wp-content\/uploads\/2025\/10\/40023308-auf-dem-nuernberger-christkindlesmarkt-sind-unter-anderem-die-traditionellen-lebkuchen-beli.jpeg\" loading=\"lazy\"   height=\"734\" width=\"1100\" alt=\"Auf dem N&#xFC;rnberger Christkindlesmarkt sind unter anderem die traditionellen Lebkuchen beliebt.\"\/>Auf dem N\u00fcrnberger Christkindlesmarkt sind unter anderem die traditionellen Lebkuchen beliebt. \u00a9\u00a0IMAGO\/Ardan Fuessmann<\/p>\n<p class=\"id-StoryElement-paragraph\">Nicht weniger spektakul\u00e4r geht es in Mittelfranken in einer mittelalterlichen Kulisse weiter. Der m\u00e4rchenhafte Rothenburger Reiterlesmarkt hat eine alte Tradition: Jedes Jahr galoppiert das \u201eReiterle\u201c, eine namensgebende Figur mit sagenumwobener Herkunft, am Er\u00f6ffnungsabend hoch zu Ross auf den Marktplatz und spricht ein Gru\u00dfwort. Wer auf dieses Ambiente steht, wird sich auch in der Treuchtlinger Schlossweihnacht wohlf\u00fchlen. Diese findet in einem ehemaligen Wasserschloss im Renaissance-Stil statt.<\/p>\n<p>Unterfranken: Ein versteckter Geheimtipp im Wald bringt die Weihnachts-Vorfreude<\/p>\n<p class=\"id-StoryElement-paragraph\">Der W\u00fcrzburger Weihnachtsmarkt sollte mit seinen mehr als 100 Holzh\u00fctten jedem aus Unterfranken bekannt sein. F\u00fcr alle Kunst- und Heimwerker-Liebhaber bietet der Weihnachtsmarkt in Iphofen eine tolle M\u00f6glichkeit, durch die rund 50 Aussteller zu schlendern. Davon abgesehen ist der historische Rathauskeller ein echtes Muss f\u00fcr jeden, der an der Geschichte interessiert ist.<\/p>\n<p><img decoding=\"async\" class=\"id-RatioPlaceholder-element wv_story_el_image\" src=\"https:\/\/www.europesays.com\/de\/wp-content\/uploads\/2025\/10\/40023454-auf-dem-wuerzburger-weihnachtsmarkt-stehen-jaehrlich-mehr-als-100-holzhuetten-PnBG.jpg\" loading=\"lazy\"   height=\"825\" width=\"1100\" alt=\"Auf dem W&#xFC;rzburger Weihnachtsmarkt stehen j&#xE4;hrlich mehr als 100 Holzh&#xFC;tten.\"\/>Auf dem W\u00fcrzburger Weihnachtsmarkt stehen j\u00e4hrlich mehr als 100 Holzh\u00fctten. \u00a9\u00a0IMAGO\/Heiko Becker<\/p>\n<p class=\"id-StoryElement-paragraph\">\u00d6rtliche Vereine haben unweit von W\u00fcrzburg einen echten Geheimtipp auf die Beine gestellt. Die Leinacher Waldweihnacht ist ein versteckter Markt, mitten im Schwarzkiefernwald. Kleine Holzbuden f\u00fchren den Waldweg entlang, die Stimmung ist besinnlich und naturnah. Auch hier spielt Regionalit\u00e4t und Handwerk eine gro\u00dfe Rolle, doch im Vordergrund steht die ruhige Atmosph\u00e4re.<\/p>\n<p>Oberpfalz: Weihnachtsmarkt in Regensburg wird von Gr\u00e4fin ausgerichtet<\/p>\n<p class=\"id-StoryElement-paragraph\">K\u00fcnstlerisch geht es in Neualbenreuth mit dem weihnachtlichen Kunsthandwerkermarkt weiter. In der oberpf\u00e4lzischen Stadt pr\u00e4sentieren mehr als 90 Aussteller ihre Werke. Glasbl\u00e4ser und Zinngie\u00dfer finden sich hingegen auf dem Weihnachtsmarkt Schloss Guteneck in Nabburg. Wie der Name vorwegnimmt, nistet sich der mittelalterliche Markt auf einem Schloss ein \u2013 aus dem zw\u00f6lften Jahrhundert. <\/p>\n<p><img decoding=\"async\" class=\"id-RatioPlaceholder-element wv_story_el_image\" src=\"https:\/\/www.europesays.com\/de\/wp-content\/uploads\/2025\/10\/40023512-fuerstin-gloria-von-thurn-und-taxis-richtet-jedes-jahr-den-weihnachtsmarkt-in-regensburg-au.jpeg\" loading=\"lazy\"   height=\"733\" width=\"1100\" alt=\"F&#xFC;rstin Gloria von Thurn und Taxis richtet jedes Jahr den Weihnachtsmarkt in Regensburg aus.\"\/>F\u00fcrstin Gloria von Thurn und Taxis richtet jedes Jahr den Weihnachtsmarkt in Regensburg aus. \u00a9\u00a0IMAGO \/ Stephan Goerlich<\/p>\n<p class=\"id-StoryElement-paragraph\">Wer was \u00c4hnliches in gr\u00f6\u00dfer sucht, kommt in <a href=\"https:\/\/www.merkur.de\/bayern\/regensburg\/\" class=\"id-import-Link\" title=\"Regensburg\" data-id-ec=\"{&quot;sht&quot;:&quot;Container&quot;,&quot;shn&quot;:&quot;Story&quot;,&quot;p&quot;:{&quot;containerType&quot;:&quot;Paragraph&quot;,&quot;displayType&quot;:&quot;Paragraph InlineLink&quot;,&quot;type&quot;:&quot;INLINE_LINK&quot;,&quot;value&quot;:&quot;Regensburg&quot;,&quot;variant&quot;:&quot;standardLink&quot;,&quot;sponsored&quot;:false,&quot;linkHref&quot;:&quot;https:\/\/www.merkur.de\/bayern\/regensburg\/&quot;,&quot;storyElementPosition&quot;:43,&quot;storyElementCount&quot;:48}}\" rel=\"nofollow noopener\" target=\"_blank\">Regensburg<\/a> auf seine Kosten. Der Weihnachtsmarkt Schloss Thurn und Taxis ist mit seinen tausenden Lichtern nicht nur au\u00dferordentlich romantisch. Er wird sogar von Gr\u00e4fin Gloria h\u00f6chstpers\u00f6nlich ausgerichtet. Die elegante Kulisse ist durch den Ort \u2013 n\u00e4mlich im Innenhof und auf dem Schlosspark des Schlosses Sankt Emmeram \u2013 nicht zu \u00fcbersehen. Au\u00dferdem treten dort die Regensburger Domspatzen auf.<\/p>\n<p>Schwaben: Seelage und Bergpanorama lassen Christkindlmarkt-Liebhaber schw\u00e4rmen<\/p>\n<p class=\"id-StoryElement-paragraph\">In <a href=\"https:\/\/www.merkur.de\/bayern\/schwaben\/\" class=\"id-import-Link\" title=\"Schwaben\" data-id-ec=\"{&quot;sht&quot;:&quot;Container&quot;,&quot;shn&quot;:&quot;Story&quot;,&quot;p&quot;:{&quot;containerType&quot;:&quot;Paragraph&quot;,&quot;displayType&quot;:&quot;Paragraph InlineLink&quot;,&quot;type&quot;:&quot;INLINE_LINK&quot;,&quot;value&quot;:&quot;Schwaben&quot;,&quot;variant&quot;:&quot;standardLink&quot;,&quot;sponsored&quot;:false,&quot;linkHref&quot;:&quot;https:\/\/www.merkur.de\/bayern\/schwaben\/&quot;,&quot;storyElementPosition&quot;:45,&quot;storyElementCount&quot;:48}}\" rel=\"nofollow noopener\" target=\"_blank\">Schwaben<\/a> z\u00e4hlt zu den Besonderheiten der traditionelle Bad W\u00f6rishofer Weihnachtsmarkt im Kurhaus. Der Krippenweg mit leuchtend gelbem Schweifstern l\u00e4sst die Vorfreude auf <a href=\"https:\/\/www.merkur.de\/welt\/weihnachten-infos-tradition-festtagen-familie-ursprung-serie-film-urlaub-91850382.html\" class=\"id-import-Link\" data-id-ec=\"{&quot;sht&quot;:&quot;Container&quot;,&quot;shn&quot;:&quot;Story&quot;,&quot;p&quot;:{&quot;containerType&quot;:&quot;Paragraph&quot;,&quot;displayType&quot;:&quot;Paragraph InlineLink&quot;,&quot;type&quot;:&quot;INLINE_LINK&quot;,&quot;value&quot;:&quot;Weihnachten&quot;,&quot;variant&quot;:&quot;standardLink&quot;,&quot;sponsored&quot;:false,&quot;linkHref&quot;:&quot;https:\/\/www.merkur.de\/welt\/weihnachten-infos-tradition-festtagen-familie-ursprung-serie-film-urlaub-91850382.html&quot;,&quot;storyElementPosition&quot;:45,&quot;storyElementCount&quot;:48}}\" rel=\"nofollow noopener\" target=\"_blank\">Weihnachten<\/a> hochleben. Ein weiterer sehr alter und beliebter Markt ist der Augsburger Christkindlesmarkt. Zu den Highlights geh\u00f6rt dort das Engelsspiel an der Rathausfassade sowie das Spiel der Augsburger Puppenkiste.<\/p>\n<p><img decoding=\"async\" class=\"id-RatioPlaceholder-element wv_story_el_image\" src=\"https:\/\/www.europesays.com\/de\/wp-content\/uploads\/2025\/10\/40023614-der-augsburger-christkindlesmarkt-zaehlt-zu-den-aeltesten-in-deutschland-NCBG.jpg\" loading=\"lazy\"   height=\"733\" width=\"1100\" alt=\"Der Augsburger Christkindlesmarkt z&#xE4;hlt zu den &#xE4;ltesten in Deutschland.\"\/>Der Augsburger Christkindlesmarkt z\u00e4hlt zu den \u00e4ltesten in Deutschland. \u00a9\u00a0IMAGO\/Michael Bihlmayer<\/p>\n<p class=\"id-StoryElement-paragraph\">Es bleibt noch ein weiterer Standort zu erw\u00e4hnen, der so manche Herzen h\u00f6her schlagen l\u00e4sst: <a href=\"https:\/\/www.hna.de\/lokales\/northeim\/katlenburg-lindau-ort306070\/\" class=\"id-import-Link id-pageApi-Link--externalDomain\" title=\"Katlenburg-Lindau\" data-id-ec=\"{&quot;sht&quot;:&quot;Container&quot;,&quot;shn&quot;:&quot;Story&quot;,&quot;p&quot;:{&quot;containerType&quot;:&quot;Paragraph&quot;,&quot;displayType&quot;:&quot;Paragraph InlineLink&quot;,&quot;type&quot;:&quot;INLINE_LINK&quot;,&quot;value&quot;:&quot;Lindau&quot;,&quot;variant&quot;:&quot;standardLink&quot;,&quot;sponsored&quot;:false,&quot;linkHref&quot;:&quot;https:\/\/www.hna.de\/lokales\/northeim\/katlenburg-lindau-ort306070\/&quot;,&quot;storyElementPosition&quot;:48,&quot;storyElementCount&quot;:48}}\" rel=\"nofollow noopener\" target=\"_blank\">Lindau<\/a>. Die Hafenweihnacht dort ist mit ihrer spektakul\u00e4ren Lage zwar l\u00e4ngst kein Geheimtipp mehr, aber allemal einen Besuch wert. Direkt am Bodenseeufer und mit Bergpanorama l\u00e4sst sich die romantische Hafenkulisse bestm\u00f6glich genie\u00dfen.<\/p>\n","protected":false},"excerpt":{"rendered":"Startseite Bayern Stand: 15.10.2025, 15:09 Uhr Von: Theresa Salmansberger DruckenTeilen Schwimmend, mittelalterlich oder kerzenbeleuchtet: Wir haben nicht nur&hellip;\n","protected":false},"author":2,"featured_media":502341,"comment_status":"","ping_status":"","sticky":false,"template":"","format":"standard","meta":{"footnotes":""},"categories":[1837],"tags":[772,3364,29,30,3783],"class_list":{"0":"post-502340","1":"post","2":"type-post","3":"status-publish","4":"format-standard","5":"has-post-thumbnail","7":"category-nuernberg","8":"tag-bayern","9":"tag-de","10":"tag-deutschland","11":"tag-germany","12":"tag-nuernberg"},"share_on_mastodon":{"url":"https:\/\/pubeurope.com\/@de\/115382024274283753","error":""},"_links":{"self":[{"href":"https:\/\/www.europesays.com\/de\/wp-json\/wp\/v2\/posts\/502340","targetHints":{"allow":["GET"]}}],"collection":[{"href":"https:\/\/www.europesays.com\/de\/wp-json\/wp\/v2\/posts"}],"about":[{"href":"https:\/\/www.europesays.com\/de\/wp-json\/wp\/v2\/types\/post"}],"author":[{"embeddable":true,"href":"https:\/\/www.europesays.com\/de\/wp-json\/wp\/v2\/users\/2"}],"replies":[{"embeddable":true,"href":"https:\/\/www.europesays.com\/de\/wp-json\/wp\/v2\/comments?post=502340"}],"version-history":[{"count":0,"href":"https:\/\/www.europesays.com\/de\/wp-json\/wp\/v2\/posts\/502340\/revisions"}],"wp:featuredmedia":[{"embeddable":true,"href":"https:\/\/www.europesays.com\/de\/wp-json\/wp\/v2\/media\/502341"}],"wp:attachment":[{"href":"https:\/\/www.europesays.com\/de\/wp-json\/wp\/v2\/media?parent=502340"}],"wp:term":[{"taxonomy":"category","embeddable":true,"href":"https:\/\/www.europesays.com\/de\/wp-json\/wp\/v2\/categories?post=502340"},{"taxonomy":"post_tag","embeddable":true,"href":"https:\/\/www.europesays.com\/de\/wp-json\/wp\/v2\/tags?post=502340"}],"curies":[{"name":"wp","href":"https:\/\/api.w.org\/{rel}","templated":true}]}}