{"id":502342,"date":"2025-10-16T04:45:25","date_gmt":"2025-10-16T04:45:25","guid":{"rendered":"https:\/\/www.europesays.com\/de\/502342\/"},"modified":"2025-10-16T04:45:25","modified_gmt":"2025-10-16T04:45:25","slug":"frau-greift-ploetzlich-mutter-und-dreijaehriges-kind-in-nuernberg-an","status":"publish","type":"post","link":"https:\/\/www.europesays.com\/de\/502342\/","title":{"rendered":"Frau greift pl\u00f6tzlich Mutter und dreij\u00e4hriges Kind in N\u00fcrnberg an"},"content":{"rendered":"<p>Eine Mutter geht mit ihrem Sohn durch die Innenstadt. Eine Frau, die hinter den beiden l\u00e4uft, wird pl\u00f6tzlich handgreiflich. Was ist geschehen?<\/p>\n<p><a href=\"https:\/\/www.onetz.de\/f\/ic\/ga-large\/articlemedia\/2025\/10\/15\/5398d697-fa58-4a25-b9f8-c28eca56e3ae.jpg\" class=\"ps-item\" data-psg=\"https:\/\/www.onetz.de\/deutschland-welt\/bayern\/1\" data-size=\"960x632\" data-caption=\"&lt;div&gt;Symbolbild: Julian Stratenschulte\/dpa&lt;\/div&gt;Die Polizei sucht nach der unbekannten Frau.\" target=\"_blank\" rel=\"noopener\"><img loading=\"lazy\" decoding=\"async\" src=\"https:\/\/www.europesays.com\/de\/wp-content\/uploads\/2025\/10\/5398d697-fa58-4a25-b9f8-c28eca56e3ae.jpg\" alt=\"Die Polizei sucht nach der unbekannten Frau. Symbolbild: Julian Stratenschulte\/dpa\" title=\"\" width=\"805\" height=\"453\" class=\"img-responsive\"\/><\/a><\/p>\n<p>Die Polizei sucht nach der unbekannten Frau.<\/p>\n<p>Symbolbild: Julian Stratenschulte\/dpa<\/p>\n<p>Eine Mutter und ihr dreij\u00e4hriger Sohn sind in der N\u00fcrnberger Innenstadt von einer unbekannten Frau angegriffen worden. Die Frau sei hinter den beiden gegangen und habe dem Jungen am Dienstag mit der Hand auf den Nacken geschlagen, teilte die Polizei mit. Danach habe sie die 37 Jahre alte Mutter angerempelt, geschubst und ihr gegen den Brustkorb geschlagen. Eine andere Frau kam den beiden den Angaben zufolge zu Hilfe.<\/p>\n<p>Die Polizei bittet zur Kl\u00e4rung der Tat um Zeugenhinweise.<\/p>\n<p>\u00a9 dpa-infocom, dpa:251015-930-166485\/1<\/p>\n","protected":false},"excerpt":{"rendered":"Eine Mutter geht mit ihrem Sohn durch die Innenstadt. Eine Frau, die hinter den beiden l\u00e4uft, wird pl\u00f6tzlich&hellip;\n","protected":false},"author":2,"featured_media":502343,"comment_status":"","ping_status":"","sticky":false,"template":"","format":"standard","meta":{"footnotes":""},"categories":[1837],"tags":[772,3364,29,30,1584,3783,121,7489,3617],"class_list":{"0":"post-502342","1":"post","2":"type-post","3":"status-publish","4":"format-standard","5":"has-post-thumbnail","7":"category-nuernberg","8":"tag-bayern","9":"tag-de","10":"tag-deutschland","11":"tag-germany","12":"tag-kriminalitaet","13":"tag-nuernberg","14":"tag-polizei","15":"tag-region-bayern","16":"tag-zentralredaktion"},"share_on_mastodon":{"url":"https:\/\/pubeurope.com\/@de\/115382027901872899","error":""},"_links":{"self":[{"href":"https:\/\/www.europesays.com\/de\/wp-json\/wp\/v2\/posts\/502342","targetHints":{"allow":["GET"]}}],"collection":[{"href":"https:\/\/www.europesays.com\/de\/wp-json\/wp\/v2\/posts"}],"about":[{"href":"https:\/\/www.europesays.com\/de\/wp-json\/wp\/v2\/types\/post"}],"author":[{"embeddable":true,"href":"https:\/\/www.europesays.com\/de\/wp-json\/wp\/v2\/users\/2"}],"replies":[{"embeddable":true,"href":"https:\/\/www.europesays.com\/de\/wp-json\/wp\/v2\/comments?post=502342"}],"version-history":[{"count":0,"href":"https:\/\/www.europesays.com\/de\/wp-json\/wp\/v2\/posts\/502342\/revisions"}],"wp:featuredmedia":[{"embeddable":true,"href":"https:\/\/www.europesays.com\/de\/wp-json\/wp\/v2\/media\/502343"}],"wp:attachment":[{"href":"https:\/\/www.europesays.com\/de\/wp-json\/wp\/v2\/media?parent=502342"}],"wp:term":[{"taxonomy":"category","embeddable":true,"href":"https:\/\/www.europesays.com\/de\/wp-json\/wp\/v2\/categories?post=502342"},{"taxonomy":"post_tag","embeddable":true,"href":"https:\/\/www.europesays.com\/de\/wp-json\/wp\/v2\/tags?post=502342"}],"curies":[{"name":"wp","href":"https:\/\/api.w.org\/{rel}","templated":true}]}}