{"id":502350,"date":"2025-10-16T04:49:11","date_gmt":"2025-10-16T04:49:11","guid":{"rendered":"https:\/\/www.europesays.com\/de\/502350\/"},"modified":"2025-10-16T04:49:11","modified_gmt":"2025-10-16T04:49:11","slug":"thueringen-lkw-prallt-gegen-lkw-a4-richtung-dresden-gesperrt","status":"publish","type":"post","link":"https:\/\/www.europesays.com\/de\/502350\/","title":{"rendered":"Th\u00fcringen: Lkw prallt gegen Lkw &#8211; A4 Richtung Dresden gesperrt"},"content":{"rendered":"<p>                    Th\u00fcringen<br \/>\n                Lkw prallt gegen Lkw &#8211; A4 Richtung Dresden gesperrt<\/p>\n<p>\t\t\t\t              16.10.2025, 06:11 Uhr<\/p>\n<p><strong>Beide Fahrer sind leicht verletzt. Die Sperrung k\u00f6nnte bis in die Mittagszeit dauern.<\/strong><\/p>\n<p>Gotha (dpa\/th) &#8211; Ein Lkw ist auf der A4 zwischen den Anschlussstellen Gotha\/Boxberg und Gotha gegen einen weiteren Lkw geprallt. Nach Angaben der Polizei kam der Lkw in der Nacht um 2.55 Uhr auf den rechten Standstreifen ab, wo bereits ein weiterer Lkw aufgrund eines Reifenschadens stand. Bei dem Unfall kam es demnach zu einem Totalschaden beider Fahrzeuge, die von der Fahrbahn in einen Stra\u00dfengraben geschoben wurden. Die zwei Fahrer im Alter von 45 und 46 Jahren seien leicht verletzt ins Krankenhaus gebracht worden.\u00a0<\/p>\n<p>Laut Polizei riss vom Lkw des Unfallverursachers eine Wechselbr\u00fccke ab, die auf der Fahrbahn liegt. Diese ist in Richtung Dresden gesperrt, wie die Polizei mitteilte. Die R\u00e4umungs- und Bergungsarbeiten k\u00f6nnen den Angaben zufolge bis in die Mittagszeit andauern. Der vorl\u00e4ufige Gesamtschaden werde auf 175.000 Euro gesch\u00e4tzt, hie\u00df es.<\/p>\n","protected":false},"excerpt":{"rendered":"Th\u00fcringen Lkw prallt gegen Lkw &#8211; A4 Richtung Dresden gesperrt 16.10.2025, 06:11 Uhr Beide Fahrer sind leicht verletzt.&hellip;\n","protected":false},"author":2,"featured_media":502351,"comment_status":"","ping_status":"","sticky":false,"template":"","format":"standard","meta":{"footnotes":""},"categories":[1835],"tags":[3364,29,2386,30,1962,14252,859,861],"class_list":{"0":"post-502350","1":"post","2":"type-post","3":"status-publish","4":"format-standard","5":"has-post-thumbnail","7":"category-dresden","8":"tag-de","9":"tag-deutschland","10":"tag-dresden","11":"tag-germany","12":"tag-lkw","13":"tag-richtung","14":"tag-sachsen","15":"tag-thueringen"},"share_on_mastodon":{"url":"https:\/\/pubeurope.com\/@de\/115382043609050918","error":""},"_links":{"self":[{"href":"https:\/\/www.europesays.com\/de\/wp-json\/wp\/v2\/posts\/502350","targetHints":{"allow":["GET"]}}],"collection":[{"href":"https:\/\/www.europesays.com\/de\/wp-json\/wp\/v2\/posts"}],"about":[{"href":"https:\/\/www.europesays.com\/de\/wp-json\/wp\/v2\/types\/post"}],"author":[{"embeddable":true,"href":"https:\/\/www.europesays.com\/de\/wp-json\/wp\/v2\/users\/2"}],"replies":[{"embeddable":true,"href":"https:\/\/www.europesays.com\/de\/wp-json\/wp\/v2\/comments?post=502350"}],"version-history":[{"count":0,"href":"https:\/\/www.europesays.com\/de\/wp-json\/wp\/v2\/posts\/502350\/revisions"}],"wp:featuredmedia":[{"embeddable":true,"href":"https:\/\/www.europesays.com\/de\/wp-json\/wp\/v2\/media\/502351"}],"wp:attachment":[{"href":"https:\/\/www.europesays.com\/de\/wp-json\/wp\/v2\/media?parent=502350"}],"wp:term":[{"taxonomy":"category","embeddable":true,"href":"https:\/\/www.europesays.com\/de\/wp-json\/wp\/v2\/categories?post=502350"},{"taxonomy":"post_tag","embeddable":true,"href":"https:\/\/www.europesays.com\/de\/wp-json\/wp\/v2\/tags?post=502350"}],"curies":[{"name":"wp","href":"https:\/\/api.w.org\/{rel}","templated":true}]}}