{"id":502356,"date":"2025-10-16T04:52:10","date_gmt":"2025-10-16T04:52:10","guid":{"rendered":"https:\/\/www.europesays.com\/de\/502356\/"},"modified":"2025-10-16T04:52:10","modified_gmt":"2025-10-16T04:52:10","slug":"herbstferien-check-in-essen-das-koennen-kinder-machen","status":"publish","type":"post","link":"https:\/\/www.europesays.com\/de\/502356\/","title":{"rendered":"Herbstferien-Check in Essen: Das k\u00f6nnen Kinder machen"},"content":{"rendered":"<p>Buntes Ferienprogramm in Essen<\/p>\n<p>In den Herbstferien ist es f\u00fcr Kinder in Essen ganz bestimmt nicht langweilig. Wie jedes Jahr haben viele Einrichtungen, Vereine und auch die Stadt Essen ein buntes und abwechslungsreiches Ferienprogramm auf die Beine gestellt. Die Angebote sind vielf\u00e4ltig: Kinder k\u00f6nnen zum Beispiel Musik machen, einen eigenen kleinen Film drehen oder kreativ schreiben. Im Grugapark lernen sie, wie man einen Bonsai-Baum pflegt, in der Stadtbibliothek k\u00f6nnen sie eigene Geschichten erfinden.<\/p>\n<p>Auch spannende Ausfl\u00fcge sind geplant \u2013 etwa auf einen Bauernhof, zum Reiten, Klettern oder in ein Museum. <a href=\"https:\/\/ferienspatz.essen.de\/\" rel=\"noopener noreferrer\" target=\"_blank\">Das gesamte Ferienprogramm der Stadt Essen findet ihr hier zum Nachlesen.<\/a><\/p>\n<p>Ferienprogramm in Essen: Kochen mit der Junior Uni<\/p>\n<p>Am Dienstag (14. Oktober) konnte man unter anderem mit der Junior Uni Essen kochen oder im Steeler Nachbarschaftsladen basteln. Die Kinder von der Junior Uni konnten zum Beispiel unter dem Motto \u201eVom Beet auf den Teller\u201c in einer Outdoork\u00fcche auf der Bonnekamph\u00f6he selbst kochen. Rund zehn Kinder und Jugendliche bereiteten dort K\u00fcrbisspalten mit Kr\u00e4uterquark zu \u2013 die Zutaten daf\u00fcr holten sie direkt aus dem Garten. Svenja Kronauer, die das Gartencaf\u00e9 auf der Bonnekamph\u00f6he leitet, erkl\u00e4rt im Radio Essen-Interview, worum es bei dem Ferienprojekt geht.<\/p>\n<blockquote><p>\u201eEs geht darum das Gel\u00e4nde gemeinsam zu erkunden, also zu sehen, wie die Natur funktioniert und wie hier das Obst und Gem\u00fcse w\u00e4chst,\u201c erkl\u00e4rt Svenja Kronauer.<\/p><\/blockquote>\n<p>Ihr Ziel: Die Kinder sollen spielerisch lernen, was es in einem gro\u00dfen Garten alles zu entdecken gibt. Die Junior Uni Essen organisiert in den Ferien au\u00dferdem einen Medizin-, einen Tauch- und einen Schreibworkshop f\u00fcr Kinder und Jugendliche.<\/p>\n<p>Herbstferien in Essen mit der Junior UniBasteln in Essen <\/p>\n<p>Auch im Nachbarschaftsladen in Steele konnten Kinder am Dienstagnachmittag (14. Oktober) kreativ werden. Dagmar Steppke organisiert den Bastelnachmittag und erkl\u00e4rt im Radio Essen-Interview, warum ihr ein Angebot speziell f\u00fcr Kinder im Stadtteil so wichtig ist:<\/p>\n<blockquote><p>\u201eWir versuchen immer, dass wir f\u00fcr die Kinder hier im Stadtteil etwas anbieten \u2013 f\u00fcr die Erwachsenen gibt es ja schon recht viel,\u201c so Dagmar Steppke. \u201eIch bin selber ein absoluter Bastelfan und ich finde es sch\u00f6n, anderen Kindern Basteltechniken beizubringen.\u201c<\/p><\/blockquote>\n<p>Beim Basteln entstanden unter anderem niedliche Tiere aus Pompons. Mit dabei waren sechs Kinder aus Essen \u2013 etwas weniger als beim Kochen mit der Junior Uni. Kinder k\u00f6nnen im Steeler Nachbarschaftsladen in den Ferien immer Samstags (18.10 und 25.10) und am Dienstag (21.10) kreativ werden. Geplant sind Perlenarbeiten, F\u00e4cher- und Herbstbastelaktionen.<\/p>\n<p>Herbstferien in Essen in SteeleMehr Themen aus Essen<\/p>\n","protected":false},"excerpt":{"rendered":"Buntes Ferienprogramm in Essen In den Herbstferien ist es f\u00fcr Kinder in Essen ganz bestimmt nicht langweilig. Wie&hellip;\n","protected":false},"author":2,"featured_media":502357,"comment_status":"","ping_status":"","sticky":false,"template":"","format":"standard","meta":{"footnotes":""},"categories":[1834],"tags":[69389,11999,6114,67929,3364,29,3688,30,12749,61741,1209,3699],"class_list":{"0":"post-502356","1":"post","2":"type-post","3":"status-publish","4":"format-standard","5":"has-post-thumbnail","7":"category-essen","8":"tag-bonnekamphhe","9":"tag-herbstferien","10":"tag-steele","11":"tag-basteln","12":"tag-de","13":"tag-deutschland","14":"tag-essen","15":"tag-germany","16":"tag-kochen","17":"tag-nachbarschaftstreff","18":"tag-nordrhein-westfalen","19":"tag-veranstaltung"},"share_on_mastodon":{"url":"https:\/\/pubeurope.com\/@de\/115382055459549810","error":""},"_links":{"self":[{"href":"https:\/\/www.europesays.com\/de\/wp-json\/wp\/v2\/posts\/502356","targetHints":{"allow":["GET"]}}],"collection":[{"href":"https:\/\/www.europesays.com\/de\/wp-json\/wp\/v2\/posts"}],"about":[{"href":"https:\/\/www.europesays.com\/de\/wp-json\/wp\/v2\/types\/post"}],"author":[{"embeddable":true,"href":"https:\/\/www.europesays.com\/de\/wp-json\/wp\/v2\/users\/2"}],"replies":[{"embeddable":true,"href":"https:\/\/www.europesays.com\/de\/wp-json\/wp\/v2\/comments?post=502356"}],"version-history":[{"count":0,"href":"https:\/\/www.europesays.com\/de\/wp-json\/wp\/v2\/posts\/502356\/revisions"}],"wp:featuredmedia":[{"embeddable":true,"href":"https:\/\/www.europesays.com\/de\/wp-json\/wp\/v2\/media\/502357"}],"wp:attachment":[{"href":"https:\/\/www.europesays.com\/de\/wp-json\/wp\/v2\/media?parent=502356"}],"wp:term":[{"taxonomy":"category","embeddable":true,"href":"https:\/\/www.europesays.com\/de\/wp-json\/wp\/v2\/categories?post=502356"},{"taxonomy":"post_tag","embeddable":true,"href":"https:\/\/www.europesays.com\/de\/wp-json\/wp\/v2\/tags?post=502356"}],"curies":[{"name":"wp","href":"https:\/\/api.w.org\/{rel}","templated":true}]}}