{"id":502364,"date":"2025-10-16T04:56:18","date_gmt":"2025-10-16T04:56:18","guid":{"rendered":"https:\/\/www.europesays.com\/de\/502364\/"},"modified":"2025-10-16T04:56:18","modified_gmt":"2025-10-16T04:56:18","slug":"leipzig-aggressiver-angriff-am-hauptbahnhof-endet-in-festnahme-regional","status":"publish","type":"post","link":"https:\/\/www.europesays.com\/de\/502364\/","title":{"rendered":"Leipzig: Aggressiver Angriff am Hauptbahnhof endet in Festnahme | Regional"},"content":{"rendered":"<p>Leipzig \u2013 <b>Ein 21-j\u00e4hriger Deutscher versuchte, seinem Kontrahenten mit einer Flasche auf den Kopf zu schlagen.<\/b><\/p>\n<p>Die Auseinandersetzung ereignete sich gegen 22.30 Uhr an der Osthalle des Leipziger Hauptbahnhofs. Der Angegriffene konnte die Schl\u00e4ge jedoch abwehren. Als die Bundespolizei eingriff, fl\u00fcchtete der Angreifer.<\/p>\n<p>Auch interessant<\/p>\n<p>Anzeige<\/p>\n<p>Auch interessant<\/p>\n<p>Anzeige<\/p>\n<p>Vor dem Hauptbahnhof, an der Zentralhaltestelle, erkannten die Beamten den Fl\u00fcchtigen wieder und nahmen ihn fest. Der Mann reagierte aggressiv und wehrte sich gegen die Festnahme, wurde jedoch \u00fcberw\u00e4ltigt und in Handschellen zur Wache gebracht.<\/p>\n<p>Dort angekommen, attackierte er die Polizisten mit Faustschl\u00e4gen und Kopfst\u00f6\u00dfen, nachdem ihm die Handschellen abgenommen worden waren. Ein Beamter wurde dabei leicht am Kopf verletzt. Zudem beleidigte der 21-J\u00e4hrige die Beamten.<\/p>\n<p>Die Leipziger Bundespolizei hat nun Ermittlungen wegen gef\u00e4hrlicher K\u00f6rperverletzung, t\u00e4tlichen Angriffs auf Vollstreckungsbeamte, Widerstand und Beleidigung gegen den polizeibekannten Deutschen eingeleitet.<\/p>\n<p>Dieser Text basiert auf einer offiziellen Beh\u00f6rden-Information und wurde mit Hilfe von KI erstellt.<\/p>\n","protected":false},"excerpt":{"rendered":"Leipzig \u2013 Ein 21-j\u00e4hriger Deutscher versuchte, seinem Kontrahenten mit einer Flasche auf den Kopf zu schlagen. Die Auseinandersetzung&hellip;\n","protected":false},"author":2,"featured_media":464098,"comment_status":"","ping_status":"","sticky":false,"template":"","format":"standard","meta":{"footnotes":""},"categories":[1832],"tags":[3364,29,30,1000,2509,71,121,859,45,1995],"class_list":{"0":"post-502364","1":"post","2":"type-post","3":"status-publish","4":"format-standard","5":"has-post-thumbnail","7":"category-leipzig","8":"tag-de","9":"tag-deutschland","10":"tag-germany","11":"tag-gewalt","12":"tag-ki-ots","13":"tag-leipzig","14":"tag-polizei","15":"tag-sachsen","16":"tag-texttospeech","17":"tag-verbrechen"},"share_on_mastodon":{"url":"https:\/\/pubeurope.com\/@de\/115382071109640491","error":""},"_links":{"self":[{"href":"https:\/\/www.europesays.com\/de\/wp-json\/wp\/v2\/posts\/502364","targetHints":{"allow":["GET"]}}],"collection":[{"href":"https:\/\/www.europesays.com\/de\/wp-json\/wp\/v2\/posts"}],"about":[{"href":"https:\/\/www.europesays.com\/de\/wp-json\/wp\/v2\/types\/post"}],"author":[{"embeddable":true,"href":"https:\/\/www.europesays.com\/de\/wp-json\/wp\/v2\/users\/2"}],"replies":[{"embeddable":true,"href":"https:\/\/www.europesays.com\/de\/wp-json\/wp\/v2\/comments?post=502364"}],"version-history":[{"count":0,"href":"https:\/\/www.europesays.com\/de\/wp-json\/wp\/v2\/posts\/502364\/revisions"}],"wp:featuredmedia":[{"embeddable":true,"href":"https:\/\/www.europesays.com\/de\/wp-json\/wp\/v2\/media\/464098"}],"wp:attachment":[{"href":"https:\/\/www.europesays.com\/de\/wp-json\/wp\/v2\/media?parent=502364"}],"wp:term":[{"taxonomy":"category","embeddable":true,"href":"https:\/\/www.europesays.com\/de\/wp-json\/wp\/v2\/categories?post=502364"},{"taxonomy":"post_tag","embeddable":true,"href":"https:\/\/www.europesays.com\/de\/wp-json\/wp\/v2\/tags?post=502364"}],"curies":[{"name":"wp","href":"https:\/\/api.w.org\/{rel}","templated":true}]}}