{"id":502367,"date":"2025-10-16T04:58:10","date_gmt":"2025-10-16T04:58:10","guid":{"rendered":"https:\/\/www.europesays.com\/de\/502367\/"},"modified":"2025-10-16T04:58:10","modified_gmt":"2025-10-16T04:58:10","slug":"gleisbau-ersatzbusse-umleitung-antenne-duesseldorf","status":"publish","type":"post","link":"https:\/\/www.europesays.com\/de\/502367\/","title":{"rendered":"Gleisbau: Ersatzbusse &#038; Umleitung &#8211; Antenne D\u00fcsseldorf"},"content":{"rendered":"<p><a class=\"shariff share__button btn btn-floating btn-dark\" data-services=\"facebook\" target=\"_blank\" data-useplain=\"true\"><\/a><a class=\"shariff share__button btn btn-floating btn-dark\" data-services=\"mail\" data-useplain=\"true\" data-mail-url=\"mailto:\" data-mail-body=\"Hallo! Hier ist ein interessanter Link f\u00fcr Dich: {url}  -  Viele Gr\u00fc\u00dfe\"><\/a><a class=\"shariff share__button btn btn-floating btn-dark\" data-services=\"twitter\" target=\"_blank\" data-useplain=\"true\"><\/a>Details zu Bauarbeiten<\/p>\n<p>Die Linien 706, 708 und 709 fahren zehn Tage lang anders als gewohnt. Die Bauarbeiten starten um 4 Uhr morgens und dauern bis zum Ende der Herbstferien. Die Gleise werden auf H\u00f6he des Stadttors erneuert. <\/p>\n<p>Auswirkungen auf Bahn- und Autoverkehr in Unterbilk<\/p>\n<p>Gesperrt werden muss deswegen aber der komplette Abschnitt zwischen dem Hauptbahnhof und der Bilker Kirche. Hier sind Ersatzbusse unterwegs. Die Bahnen werden stattdessen umgeleitet. Auch der Autoverkehr ist betroffen: Die <a href=\"https:\/\/www.rheinbahn.de\/\" rel=\"noopener noreferrer nofollow\" target=\"_blank\">Rheinbahn<\/a> bittet, die Baustelle weitr\u00e4umig zu umfahren.<\/p>\n<p>Weitere Infos und Links zum Thema: <\/p>\n<p><a href=\"https:\/\/www.rheinbahn.de\/Gleisbauarbeiten \" rel=\"noopener noreferrer nofollow\" target=\"_blank\">Auswirkungen des Gleisbaus auf der Neusser Stra\u00dfe<\/a><\/p>\n<p><a href=\"https:\/\/www.antenneduesseldorf.de\/artikel\/ferienfahrplan-bei-der-rheinbahn-in-den-herbstferien-2464316.html \" rel=\"noopener noreferrer nofollow\" target=\"_blank\">Ferienfahrplan der Rheinbahn in den Herbstferien<\/a><\/p>\n<p><a href=\"https:\/\/www.antenneduesseldorf.de\/artikel\/ausbau-der-mobilitaetsstationen-schreitet-voran-2424258.html \" rel=\"noopener noreferrer nofollow\" target=\"_blank\">Auch in Unterbilk gibt es Mobilit\u00e4tsstationen der Stadt<\/a><\/p>\n","protected":false},"excerpt":{"rendered":"Details zu Bauarbeiten Die Linien 706, 708 und 709 fahren zehn Tage lang anders als gewohnt. Die Bauarbeiten&hellip;\n","protected":false},"author":2,"featured_media":219872,"comment_status":"","ping_status":"","sticky":false,"template":"","format":"standard","meta":{"footnotes":""},"categories":[1831],"tags":[125665,3364,29,3405,30,1209,4102,27605],"class_list":{"0":"post-502367","1":"post","2":"type-post","3":"status-publish","4":"format-standard","5":"has-post-thumbnail","7":"category-duesseldorf","8":"tag-neusser-strae","9":"tag-de","10":"tag-deutschland","11":"tag-duesseldorf","12":"tag-germany","13":"tag-nordrhein-westfalen","14":"tag-rheinbahn","15":"tag-umleitungen"},"share_on_mastodon":{"url":"https:\/\/pubeurope.com\/@de\/115382078952975163","error":""},"_links":{"self":[{"href":"https:\/\/www.europesays.com\/de\/wp-json\/wp\/v2\/posts\/502367","targetHints":{"allow":["GET"]}}],"collection":[{"href":"https:\/\/www.europesays.com\/de\/wp-json\/wp\/v2\/posts"}],"about":[{"href":"https:\/\/www.europesays.com\/de\/wp-json\/wp\/v2\/types\/post"}],"author":[{"embeddable":true,"href":"https:\/\/www.europesays.com\/de\/wp-json\/wp\/v2\/users\/2"}],"replies":[{"embeddable":true,"href":"https:\/\/www.europesays.com\/de\/wp-json\/wp\/v2\/comments?post=502367"}],"version-history":[{"count":0,"href":"https:\/\/www.europesays.com\/de\/wp-json\/wp\/v2\/posts\/502367\/revisions"}],"wp:featuredmedia":[{"embeddable":true,"href":"https:\/\/www.europesays.com\/de\/wp-json\/wp\/v2\/media\/219872"}],"wp:attachment":[{"href":"https:\/\/www.europesays.com\/de\/wp-json\/wp\/v2\/media?parent=502367"}],"wp:term":[{"taxonomy":"category","embeddable":true,"href":"https:\/\/www.europesays.com\/de\/wp-json\/wp\/v2\/categories?post=502367"},{"taxonomy":"post_tag","embeddable":true,"href":"https:\/\/www.europesays.com\/de\/wp-json\/wp\/v2\/tags?post=502367"}],"curies":[{"name":"wp","href":"https:\/\/api.w.org\/{rel}","templated":true}]}}