{"id":502368,"date":"2025-10-16T04:59:10","date_gmt":"2025-10-16T04:59:10","guid":{"rendered":"https:\/\/www.europesays.com\/de\/502368\/"},"modified":"2025-10-16T04:59:10","modified_gmt":"2025-10-16T04:59:10","slug":"wie-die-paarberatung-hinter-gittern-funktioniert","status":"publish","type":"post","link":"https:\/\/www.europesays.com\/de\/502368\/","title":{"rendered":"Wie die Paarberatung hinter Gittern funktioniert"},"content":{"rendered":"<p class=\"text_ohne_einzug richtext text-em-55 !leading-serif mx-6 desktop:mx-0\"> F\u00fcr einen Besuch muss sie sich anmelden und den Personalausweis abgeben, das <a href=\"https:\/\/rp-online.de\/thema\/handy\/\" target=\"_blank\" rel=\"noopener\">Handy<\/a> wegschlie\u00dfen und auf der Metallbank warten. Dann holt ein Vollzugsbeamter Vanessa ab und bringt sie zu ihrem Mann. Drinnen, hinter den dicken Mauern der JVA D\u00fcsseldorf, sitzt Ahmet als Gefangener in einer Zelle. Drau\u00dfen, in einer Wohnung in D\u00fcsseldorf, lebt Vanessa mit der gemeinsamen Tochter.<\/p>\n","protected":false},"excerpt":{"rendered":"F\u00fcr einen Besuch muss sie sich anmelden und den Personalausweis abgeben, das Handy wegschlie\u00dfen und auf der Metallbank&hellip;\n","protected":false},"author":2,"featured_media":502369,"comment_status":"","ping_status":"","sticky":false,"template":"","format":"standard","meta":{"footnotes":""},"categories":[1831],"tags":[125666,3364,125668,29,3405,5595,3647,30,6209,1209,125669,38943,98096,12468,125667],"class_list":{"0":"post-502368","1":"post","2":"type-post","3":"status-publish","4":"format-standard","5":"has-post-thumbnail","7":"category-duesseldorf","8":"tag-ahmet","9":"tag-de","10":"tag-deborah","11":"tag-deutschland","12":"tag-duesseldorf","13":"tag-fuchs","14":"tag-gefaengnis","15":"tag-germany","16":"tag-jva","17":"tag-nordrhein-westfalen","18":"tag-paarberatung","19":"tag-paare","20":"tag-sitzt","21":"tag-tochter","22":"tag-vanessa"},"share_on_mastodon":{"url":"https:\/\/pubeurope.com\/@de\/115382083010067250","error":""},"_links":{"self":[{"href":"https:\/\/www.europesays.com\/de\/wp-json\/wp\/v2\/posts\/502368","targetHints":{"allow":["GET"]}}],"collection":[{"href":"https:\/\/www.europesays.com\/de\/wp-json\/wp\/v2\/posts"}],"about":[{"href":"https:\/\/www.europesays.com\/de\/wp-json\/wp\/v2\/types\/post"}],"author":[{"embeddable":true,"href":"https:\/\/www.europesays.com\/de\/wp-json\/wp\/v2\/users\/2"}],"replies":[{"embeddable":true,"href":"https:\/\/www.europesays.com\/de\/wp-json\/wp\/v2\/comments?post=502368"}],"version-history":[{"count":0,"href":"https:\/\/www.europesays.com\/de\/wp-json\/wp\/v2\/posts\/502368\/revisions"}],"wp:featuredmedia":[{"embeddable":true,"href":"https:\/\/www.europesays.com\/de\/wp-json\/wp\/v2\/media\/502369"}],"wp:attachment":[{"href":"https:\/\/www.europesays.com\/de\/wp-json\/wp\/v2\/media?parent=502368"}],"wp:term":[{"taxonomy":"category","embeddable":true,"href":"https:\/\/www.europesays.com\/de\/wp-json\/wp\/v2\/categories?post=502368"},{"taxonomy":"post_tag","embeddable":true,"href":"https:\/\/www.europesays.com\/de\/wp-json\/wp\/v2\/tags?post=502368"}],"curies":[{"name":"wp","href":"https:\/\/api.w.org\/{rel}","templated":true}]}}