{"id":502372,"date":"2025-10-16T05:01:14","date_gmt":"2025-10-16T05:01:14","guid":{"rendered":"https:\/\/www.europesays.com\/de\/502372\/"},"modified":"2025-10-16T05:01:14","modified_gmt":"2025-10-16T05:01:14","slug":"stuttgarter-doppelhaushalt-von-seniorenticket-bis-schulfruehstueck-hier-will-die-stadt-sparen-2","status":"publish","type":"post","link":"https:\/\/www.europesays.com\/de\/502372\/","title":{"rendered":"Stuttgarter Doppelhaushalt: Von Seniorenticket bis Schulfr\u00fchst\u00fcck \u2013 hier will die Stadt sparen"},"content":{"rendered":"<p>\t\t\t\t\t\t\t\t\t\t\t\t\t\t\t\t\t\t\t\t\t\t\t\t\t\t\t\t      \t\t            \t\t             \t\t\t\t   \t\t\t\t\t   <img decoding=\"async\" id=\"article-image\" fetchpriority=\"high\" alt=\"Stuttgarter Doppelhaushalt: Von Seniorenticket bis Schulfr\u00fchst\u00fcck \u2013 hier will die Stadt sparen\" title=\"Stuttgarter Doppelhaushalt: Von Seniorenticket bis Schulfr\u00fchst\u00fcck \u2013 hier will die Stadt sparen\" src=\"https:\/\/www.europesays.com\/de\/wp-content\/uploads\/2025\/10\/media.media.52b24302-912a-443e-b9b4-e30ed61ffc9a.16x9_700.jpg\" data-linkto=\"https:\/\/www.stuttgarter-nachrichten.de\/javascript:void(0);\"\/>\t\t\t\t\t\t\t\t\t\t\t\t\t\t\t\t\t\t\t\t\t\t\t\tZusch\u00fcsse f\u00fcr Schulessen, Aktion Glanzlichter, mobile Senioren sind unter anderem auf den Streichlisten.\u00a0Foto: dpa\t\t\t<\/p>\n<p>Stuttgart ist auf Sparkurs. Wir zeigen in einer interaktiven \u00dcbersicht, welche Programm und Projekte die \u00c4mter streichen wollen.<\/p>\n<p>Es ist eine Mammutaufgabe f\u00fcr die \u00c4mter der Stuttgarter <a href=\"https:\/\/www.stuttgarter-nachrichten.de\/thema\/Stadtverwaltung\" title=\"Stadtverwaltung\" class=\"art_thema\" target=\"_blank\" rel=\"noopener\">Stadtverwaltung<\/a>: <a href=\"https:\/\/www.stuttgarter-nachrichten.de\/inhalt.stuttgart-zulage-160000-beschaeftigte-planungsstopp-ob-nopper.ca103b23-c460-497a-a182-f1a664774026.html\" target=\"_blank\" rel=\"noopener\">Weil die Gewerbesteuereinnahmen wegbrechen, muss im kommenden Doppelhaushalt massiv gespart werden.<\/a> Das Gesamtbudget soll von 5,87 Milliarden Euro in diesem auf 5,26 im n\u00e4chsten Jahr und 5,38 Milliarden im Jahr 2027 schrumpfen. Die einzelnen \u00c4mter k\u00f6nnen insgesamt rund 600 Millionen Euro weniger ausgeben. <\/p>\n<p>Kein Zuschuss mehr bei Ger\u00e4tetausch <\/p>\n<p>Was klar wird: Alle Bereiche der Stadt und viele Leistungen f\u00fcr B\u00fcrgerinnen und B\u00fcrger sind betroffen, so wird unter anderem das F\u00f6rderprogramm f\u00fcr den Austausch von alten Haushaltsger\u00e4ten in Privathaushalten (Einsparung: 44.000 Euro pro Haushaltsjahr) <a href=\"https:\/\/www.stuttgarter-nachrichten.de\/inhalt.foerderung-im-haushalt-der-landeshauptstadt-gratis-49-euro-ticket-im-tausch-gegen-den-fuehrerschein.a648598a-023e-445e-9228-cedd85f003ff.html\" target=\"_blank\" rel=\"noopener\">ebenso gestrichen wie das kostenlose Seniorenticket f\u00fcr \u00e4ltere Menschen, die ihren F\u00fchrerschein abgeben (294.000 Euro).<\/a> Auch im Bereich Schulen f\u00e4llt manches weg oder l\u00e4uft aus, wie etwa das Fr\u00fchst\u00fccksangebot an der Grundschule Gablenberg (350.000 Euro) oder das Rucksack-Programm f\u00fcr Kita-Eltern mit Unterst\u00fctzungsbedarf (228.000 Euro). <\/p>\n<p>Gestrichen wird vorrangig im Bereich der freiwilligen Leistungen einer Kommune, also aller nicht verpflichtenden Aufgaben. Dazu geh\u00f6ren auch Angebote <a href=\"https:\/\/www.stuttgarter-nachrichten.de\/inhalt.cannstatter-volksfest-historisches-volksfest-vor-dem-aus.824f5fb9-9cfc-4707-b6a5-280be48d05c7.html\" target=\"_blank\" rel=\"noopener\">wie das Historische Volksfest<\/a> (400.000 Euro) oder die illuminierten Stadtzeichen (\u201eGlanzlichter\u201c, 200.000 Euro) auf dem Schlossplatz w\u00e4hrend der Wintermonate. Auch der <a href=\"https:\/\/www.stuttgarter-nachrichten.de\/thema\/Gemeinderat\" title=\"Gemeinderat\" class=\"art_thema\" target=\"_blank\" rel=\"noopener\">Gemeinderat<\/a> soll seinen Beitrag leisten und zum Beispiel sein Reisekostenbudget reduzieren (88.000 Euro). Ohnehin bedeutet ein Eintrag in der Sparliste nicht zwangsl\u00e4ufig, dass das ganze Projekt oder Programm gestrichen wird. Oft handelt es sich nur um eine Reduzierung von Zusch\u00fcssen oder Kosten. <\/p>\n<p> In der folgenden Tabelle k\u00f6nnen Sie die Streichliste der Stadt durchsuchen (Suchfeld links \u00fcber der Tabelle) oder durchbl\u00e4ttern (Button rechts \u00fcber der Tabelle). Alle Zahlen beziehen sich dabei auf die Summe, die unterm Strich \u00fcber beide Haushaltsjahre zusammen eingespart werden soll \u2013 also 2026 und 2027 zusammengerechnet:<\/p>\n<p>Dass diese Liste nicht abschlie\u00dfend sein kann, zeigt sich schon in der Summe aller aufgef\u00fchrten Ma\u00dfnahmen: Diese betr\u00e4gt 243 Millionen. Bis das Sparziel von 600 Millionen erreicht ist, m\u00fcssen die \u00c4mter also noch einige Streichposten nachreichen. Laut <a href=\"https:\/\/allris.stuttgart.de\/vo020?VOLFDNR=1006007&amp;refresh=false&amp;TOLFDNR=1014244\" target=\"_blank\" rel=\"noopener\">Begr\u00fcndung der Sparvorschl\u00e4ge<\/a> m\u00fcssen die \u00c4mter pro Jahr noch etwa 100 Millionen Euro mehr einsparen, dazu kommen weitere Einsparungen beim Personal und mehr Einnahmen an anderer Stelle.<\/p>\n<p>Bereits vergangene Woche hat unsere Redaktion die <a href=\"https:\/\/www.stuttgarter-nachrichten.de\/inhalt.stuttgarter-doppelhaushalt-ehrengrab-bis-stadionbeleuchtung-das-sind-die-streich-projekte-der-stadt.cd2b7516-a4f4-4847-8127-4e94a2285982.html\" target=\"_blank\" rel=\"noopener\">Liste der Investitionen<\/a> ver\u00f6ffentlicht, die wegen des Sparkurses wegfallen sollen \u2013 darunter viele Bau- und Sanierungsprojekte. Die neue Liste hingegen bezieht sich auf Einsparungen im laufenden Betrieb.<\/p>\n<p>\u00dcber den Haushaltsentwurf, den Oberb\u00fcrgermeister Frank Nopper (CDU) Anfang Oktober vorgestellt hat, muss nun der Gemeinderat beraten. Er soll am 19. Dezember verabschiedet werden. <\/p>\n","protected":false},"excerpt":{"rendered":"Zusch\u00fcsse f\u00fcr Schulessen, Aktion Glanzlichter, mobile Senioren sind unter anderem auf den Streichlisten.\u00a0Foto: dpa Stuttgart ist auf Sparkurs.&hellip;\n","protected":false},"author":2,"featured_media":502371,"comment_status":"","ping_status":"","sticky":false,"template":"","format":"standard","meta":{"footnotes":""},"categories":[1830],"tags":[7442,1634,3364,29,125670,26064,30,1109,6597,7557,125671,1441,85897],"class_list":{"0":"post-502372","1":"post","2":"type-post","3":"status-publish","4":"format-standard","5":"has-post-thumbnail","7":"category-stuttgart","8":"tag-aemter","9":"tag-baden-wuerttemberg","10":"tag-de","11":"tag-deutschland","12":"tag-doppelhaushalt-2026-27","13":"tag-gemeinderat","14":"tag-germany","15":"tag-haushalt","16":"tag-infografik","17":"tag-stadtverwaltung","18":"tag-streichliste","19":"tag-stuttgart","20":"tag-textmanager"},"share_on_mastodon":{"url":"https:\/\/pubeurope.com\/@de\/115382091385165749","error":""},"_links":{"self":[{"href":"https:\/\/www.europesays.com\/de\/wp-json\/wp\/v2\/posts\/502372","targetHints":{"allow":["GET"]}}],"collection":[{"href":"https:\/\/www.europesays.com\/de\/wp-json\/wp\/v2\/posts"}],"about":[{"href":"https:\/\/www.europesays.com\/de\/wp-json\/wp\/v2\/types\/post"}],"author":[{"embeddable":true,"href":"https:\/\/www.europesays.com\/de\/wp-json\/wp\/v2\/users\/2"}],"replies":[{"embeddable":true,"href":"https:\/\/www.europesays.com\/de\/wp-json\/wp\/v2\/comments?post=502372"}],"version-history":[{"count":0,"href":"https:\/\/www.europesays.com\/de\/wp-json\/wp\/v2\/posts\/502372\/revisions"}],"wp:featuredmedia":[{"embeddable":true,"href":"https:\/\/www.europesays.com\/de\/wp-json\/wp\/v2\/media\/502371"}],"wp:attachment":[{"href":"https:\/\/www.europesays.com\/de\/wp-json\/wp\/v2\/media?parent=502372"}],"wp:term":[{"taxonomy":"category","embeddable":true,"href":"https:\/\/www.europesays.com\/de\/wp-json\/wp\/v2\/categories?post=502372"},{"taxonomy":"post_tag","embeddable":true,"href":"https:\/\/www.europesays.com\/de\/wp-json\/wp\/v2\/tags?post=502372"}],"curies":[{"name":"wp","href":"https:\/\/api.w.org\/{rel}","templated":true}]}}