{"id":502377,"date":"2025-10-16T05:04:10","date_gmt":"2025-10-16T05:04:10","guid":{"rendered":"https:\/\/www.europesays.com\/de\/502377\/"},"modified":"2025-10-16T05:04:10","modified_gmt":"2025-10-16T05:04:10","slug":"koeln-werner-herzog-halbe-million-follower-aber-kein-smartphone","status":"publish","type":"post","link":"https:\/\/www.europesays.com\/de\/502377\/","title":{"rendered":"K\u00f6ln | Werner Herzog: halbe Million Follower, aber kein Smartphone"},"content":{"rendered":"<p>K\u00f6ln (dpa) &#8211; Der deutsche Filmregisseur Werner Herzog (\u00abFitzcarraldo\u00bb) hat auf Instagram mehr als 550.000 Follower &#8211; aber gar kein Smartphone. \u00abTechnisch macht es mein Sohn. Ich liefere ihm den Inhalt\u00bb, sagte Herzog (83) der Deutschen Presse-Agentur \u00fcber seinen viel beachteten Account in dem sozialen Netzwerk. Die Clips schicke er seinem Sohn einfach per Mail.\u00a0<\/p>\n<p>Auf die Frage, warum er kein Smartphone besitze, sagte Herzog: \u00abSchauen Sie, alles Wichtige erreicht mich trotzdem.\u00bb Gelegentlich leihe er sich ein Ger\u00e4t, wenn es notwendig sei &#8211; etwa, wenn er irgendwo abgeholt werden m\u00fcsse.<\/p>\n<p>Herzog ist erst seit einigen Monaten bei Instagram aktiv, hat aber mittlerweile 553.000 Follower eingesammelt. Zu sehen sind auf dem Profil Szenen aus Herzogs Arbeit als Filmemacher, etwa vom roten Teppich oder zu seinem neuen Film \u00abGhost Elephants\u00bb &#8211; aber auch recht eigenwillige Einblicke in andere Lebensbereiche. In einem Clip feiert Herzog mit einer Mariachi-Band. In einem anderen brutzelt er aus nicht genannten Gr\u00fcnden ein Steak vor sich hin.<\/p>\n<p>Nicht altmodisch &#8211; sondern \u00aban der Front der Kommunikation\u00bb<\/p>\n<p>\u00abIch glaube, dass es gut ist, dass ich sozusagen technisch mit an der Front der Kommunikation bin\u00bb, erkl\u00e4rte Herzog \u00fcber seinen Schritt in die Instagram-Welt. Er besch\u00e4ftige sich etwa auch sehr intensiv mit Virtual Reality. Auch habe er eine Rolle in einem Animationsfilm \u00fcbernommen.<\/p>\n<p>Dass er kein Smartphone besitze, will er nicht als Statement missverstanden wissen. Das erscheine ja wom\u00f6glich altmodisch, sagte er. \u00abIch selber bin aber nicht altmodisch, weil ich an aller vorderster Front dabei bin und mitgestalte.\u00bb Dass der Account beachtet werde, habe wom\u00f6glich mit dem Inhalt zu tun. \u00abIch glaube, ich sage Sachen mit Substanz\u00bb, sagte Herzog. Ob 553.000 Follower viel sei, wisse er allerdings gar nicht. \u00abIch kann es nicht vergleichen.\u00bb<\/p>\n<p>Herzog, in M\u00fcnchen geboren und einer der wenigen weltbekannten deutschen Regisseure, wurde der Filmpreis K\u00f6ln zuerkannt, der von der Film- und Medienstiftung NRW und der Stadt K\u00f6ln gestiftet wird. Am Donnerstagabend sollte er die Auszeichnung pers\u00f6nlich in K\u00f6ln beim Film Festival Cologne entgegennehmen.\u00a0<\/p>\n<p>Herzogs neuer Film \u00abGhost Elephants\u00bb war Teil des Festival-Programms. Herzog zeigt darin einen Biologen auf der Suche nach einer Herde besonderer Elefanten im unwegsamen Hochland von Angola.<\/p>\n<p>Auf Herzogs Instagram-Account ist auch ein Clip von den Dreharbeiten zu sehen. Zu beobachten sind mehrere Menschen, die eine gigantische Schlange aus einem Wasserbecken ziehen. \u00abIch wollte mich dort abk\u00fchlen. Das ist ja W\u00fcste\u00bb, erz\u00e4hlte Herzog. \u00abUnd dann fiel mir auf: Da ist was.\u00bb<\/p>\n","protected":false},"excerpt":{"rendered":"K\u00f6ln (dpa) &#8211; Der deutsche Filmregisseur Werner Herzog (\u00abFitzcarraldo\u00bb) hat auf Instagram mehr als 550.000 Follower &#8211; aber&hellip;\n","protected":false},"author":2,"featured_media":502378,"comment_status":"","ping_status":"","sticky":false,"template":"","format":"standard","meta":{"footnotes":""},"categories":[1828],"tags":[772,29,92,30,198,1420,2549,1209,154],"class_list":{"0":"post-502377","1":"post","2":"type-post","3":"status-publish","4":"format-standard","5":"has-post-thumbnail","7":"category-koeln","8":"tag-bayern","9":"tag-deutschland","10":"tag-film","11":"tag-germany","12":"tag-internet","13":"tag-koeln","14":"tag-leute","15":"tag-nordrhein-westfalen","16":"tag-social-media"},"share_on_mastodon":{"url":"https:\/\/pubeurope.com\/@de\/115382102567725877","error":""},"_links":{"self":[{"href":"https:\/\/www.europesays.com\/de\/wp-json\/wp\/v2\/posts\/502377","targetHints":{"allow":["GET"]}}],"collection":[{"href":"https:\/\/www.europesays.com\/de\/wp-json\/wp\/v2\/posts"}],"about":[{"href":"https:\/\/www.europesays.com\/de\/wp-json\/wp\/v2\/types\/post"}],"author":[{"embeddable":true,"href":"https:\/\/www.europesays.com\/de\/wp-json\/wp\/v2\/users\/2"}],"replies":[{"embeddable":true,"href":"https:\/\/www.europesays.com\/de\/wp-json\/wp\/v2\/comments?post=502377"}],"version-history":[{"count":0,"href":"https:\/\/www.europesays.com\/de\/wp-json\/wp\/v2\/posts\/502377\/revisions"}],"wp:featuredmedia":[{"embeddable":true,"href":"https:\/\/www.europesays.com\/de\/wp-json\/wp\/v2\/media\/502378"}],"wp:attachment":[{"href":"https:\/\/www.europesays.com\/de\/wp-json\/wp\/v2\/media?parent=502377"}],"wp:term":[{"taxonomy":"category","embeddable":true,"href":"https:\/\/www.europesays.com\/de\/wp-json\/wp\/v2\/categories?post=502377"},{"taxonomy":"post_tag","embeddable":true,"href":"https:\/\/www.europesays.com\/de\/wp-json\/wp\/v2\/tags?post=502377"}],"curies":[{"name":"wp","href":"https:\/\/api.w.org\/{rel}","templated":true}]}}