{"id":502382,"date":"2025-10-16T05:07:15","date_gmt":"2025-10-16T05:07:15","guid":{"rendered":"https:\/\/www.europesays.com\/de\/502382\/"},"modified":"2025-10-16T05:07:15","modified_gmt":"2025-10-16T05:07:15","slug":"polizei-warnt-vor-einbrechern-diese-orte-sind-gefaehrdet","status":"publish","type":"post","link":"https:\/\/www.europesays.com\/de\/502382\/","title":{"rendered":"Polizei warnt vor Einbrechern \u2013 diese Orte sind gef\u00e4hrdet"},"content":{"rendered":"<p>Polizei gibt Tipps <\/p>\n<p>Einbruchssaison beginnt: Diese Orte sind besonders gef\u00e4hrdet<\/p>\n<p>16.10.2025 &#8211; 07:01 UhrLesedauer: 2 Min.<\/p>\n<p><a href=\"#focus-0\" class=\"transition-colors duration-200 block text-current relative\" data-sctrack=\"FocusGalleryImage.Reference\"><img fetchpriority=\"high\" data-testid=\"Opener.Image\" style=\"--lqipURL:url('https:\/\/images.t-online.de\/2025\/10\/w1Lqq4Ng9IPS\/0x182:4000x2250\/fit-in\/150x0\/filters:blur(25)\/image.jpg')\"   loading=\"eager\" src=\"https:\/\/www.europesays.com\/de\/wp-content\/uploads\/2025\/10\/1760591235_584_image.jpg\" alt=\"imago 62639241\" title=\"imago 62639241\" width=\"4000\" height=\"2250\" class=\"bg-[url:var(--lqipURL)] bg-cover bg-center flex h-full w-full max-w-full\" decoding=\"async\"\/><img style=\"--width:32;--height:32\" loading=\"lazy\" src=\"https:\/\/muenchen.t-online.de\/s\/paper\/_next\/static\/media\/zoom-in.f7dae02f.svg\" alt=\"Vergr\u00f6\u00dfern des Bildes\" title=\"Vergr\u00f6\u00dfern des Bildes\" class=\"block h-[calc(var(--height)_\/_16_*_1rem)] w-[calc(var(--width)_\/_16_*_1rem)] max-w-none absolute bottom-8 right-8 rounded-4 bg-snow p-8\" decoding=\"async\"\/><\/a><\/p>\n<p>Aufhebeln der Haust\u00fcr mit Brecheisen (Symbolfoto): Viele Einbrecher verschaffen sich gewaltsam Zutritt \u2013 mechanische Sicherungen k\u00f6nnen solche Angriffe erschweren. (Quelle: IMAGO\/stock&amp;people)<\/p>\n<p class=\"font-bold text-18 leading-17\">Mit dem Herbst beginnt auch die Hochsaison f\u00fcr Wohnungseinbrecher. Welche Orte besonders im Fokus stehen und wie man sich sch\u00fctzen kann.<\/p>\n<p class=\"text-18 leading-17\">Die M\u00fcnchner Polizei rechnet in den kommenden Monaten wieder mit einem Anstieg der Wohnungseinbr\u00fcche. Besonders in der dunklen Jahreszeit von Herbst bis Fr\u00fchjahr nutzen T\u00e4ter die fr\u00fch einsetzende Dunkelheit \u2013 und schlagen meist dort zu, wo sie ungest\u00f6rt agieren k\u00f6nnen. Auf Anfrage von t-online gibt die M\u00fcnchner Polizei hilfreiche Tipps, wie man sich sch\u00fctzen kann und wo die Schwerpunkte liegen.<\/p>\n<p class=\"text-18 leading-17\">Einbruchsdelikte verteilen sich, laut Polizei, grunds\u00e4tzlich auf alle Stadtteile sowie die Gemeinden im Landkreis. Konkrete Zahlen k\u00f6nne man f\u00fcr dieses Jahr noch nicht nennen, so die Polizei.<\/p>\n<p class=\"text-18 leading-17\">Trotzdem lassen sich, wie die Polizei schreibt, bestimmte Risikofaktoren ausmachen: Bevorzugt w\u00fcrden \u00fcberwiegend Einfamilienh\u00e4user mit gut abgeschirmten Einstiegsstellen \u2013 zum Beispiel G\u00e4rten, die durch hohe Mauern oder Hecken blickgesch\u00fctzt sind. Aber auch Mehrfamilienh\u00e4user seien betroffen. T\u00e4ter klettern dort teilweise \u00fcber Regenrinnen auf Balkone oder dringen durchs Treppenhaus ein.<\/p>\n<p class=\"text-18 leading-17\">Einbr\u00fcche finden laut Polizei oft dort statt, wo die Fluchtwege g\u00fcnstig liegen \u2013 etwa in der N\u00e4he von Autobahnauffahrten. Die Auswahl der Tatorte h\u00e4nge auch stark von den &#8222;pers\u00f6nlichen Vorlieben der T\u00e4ter oder T\u00e4tergruppen&#8220; ab, hei\u00dft es weiter.<\/p>\n<p class=\"text-18 leading-17\">Die Polizei r\u00e4t den M\u00fcnchnern f\u00fcr die dunkle Jahreszeit grundlegende Sicherheitsregeln zu beachten: Fenster sollten auch bei kurzer Abwesenheit nicht gekippt bleiben, Haust\u00fcren immer zweimal abgeschlossen werden. Wer l\u00e4nger verreist, kann mit Zeitschaltuhren f\u00fcr Licht einen bewohnten Eindruck erwecken. Auch der Briefkasten sollte regelm\u00e4\u00dfig geleert werden.<\/p>\n<p class=\"text-18 leading-17\">Ein wichtiger Faktor sei auch die Aufmerksamkeit der Nachbarschaft. Die Polizei habe &#8222;immer wieder gute Erfahrungen gemacht&#8220;, wenn Nachbarn den Notruf 110 w\u00e4hlten, sobald ihnen etwas verd\u00e4chtig vorkam \u2013 etwa fremde Personen im Viertel oder ortsfremde Fahrzeuge. Oft helfe es, auf das eigene Bauchgef\u00fchl zu h\u00f6ren. &#8222;Lieber einmal zu oft bei uns anrufen, als einmal zu wenig&#8220;, betont die Polizei. Solchen Hinweisen werde in jedem Fall nachgegangen.<\/p>\n<p class=\"text-18 leading-17\">Auch technische Ma\u00dfnahmen wie einbruchhemmende Fenster, Alarmanlagen oder smarte Video\u00fcberwachung schrecken T\u00e4ter ab. In einigen F\u00e4llen in M\u00fcnchen seien Bewohner etwa per Smartphone \u00fcber einen laufenden Einbruch informiert worden \u2013 was sogar schon zu Festnahmen gef\u00fchrt habe.<\/p>\n<p class=\"text-18 leading-17\">Um den Einbruchswellen zu begegnen, setzt die Polizei auf verst\u00e4rkte Streifent\u00e4tigkeit \u2013 auch in Zivil \u2013 sowie auf gezielte Schwerpunkteins\u00e4tze mit Kontrollstellen. Zus\u00e4tzlich sollen Anwohnerinnen und Anwohner in betroffenen Gebieten wieder \u00fcber Flyer direkt informiert werden.<\/p>\n","protected":false},"excerpt":{"rendered":"Polizei gibt Tipps Einbruchssaison beginnt: Diese Orte sind besonders gef\u00e4hrdet 16.10.2025 &#8211; 07:01 UhrLesedauer: 2 Min. Aufhebeln der&hellip;\n","protected":false},"author":2,"featured_media":502383,"comment_status":"","ping_status":"","sticky":false,"template":"","format":"standard","meta":{"footnotes":""},"categories":[1827],"tags":[522,772,29,1686,43761,2819,85507,125672,125674,30,125673,1584,4577,3920,1268,77754,121,8110],"class_list":{"0":"post-502382","1":"post","2":"type-post","3":"status-publish","4":"format-standard","5":"has-post-thumbnail","7":"category-muenchen","8":"tag-522","9":"tag-bayern","10":"tag-deutschland","11":"tag-diebstahl","12":"tag-diebstahlschutz","13":"tag-einbruch","14":"tag-einbruchschutz","15":"tag-einbruchssaison","16":"tag-einbruchversuch","17":"tag-germany","18":"tag-hochsaison","19":"tag-kriminalitaet","20":"tag-kriminalpolizei","21":"tag-kriminalstatistik","22":"tag-muenchen","23":"tag-muenchner-kriminalpolizei","24":"tag-polizei","25":"tag-symbolfoto"},"share_on_mastodon":{"url":"https:\/\/pubeurope.com\/@de\/115382114526858246","error":""},"_links":{"self":[{"href":"https:\/\/www.europesays.com\/de\/wp-json\/wp\/v2\/posts\/502382","targetHints":{"allow":["GET"]}}],"collection":[{"href":"https:\/\/www.europesays.com\/de\/wp-json\/wp\/v2\/posts"}],"about":[{"href":"https:\/\/www.europesays.com\/de\/wp-json\/wp\/v2\/types\/post"}],"author":[{"embeddable":true,"href":"https:\/\/www.europesays.com\/de\/wp-json\/wp\/v2\/users\/2"}],"replies":[{"embeddable":true,"href":"https:\/\/www.europesays.com\/de\/wp-json\/wp\/v2\/comments?post=502382"}],"version-history":[{"count":0,"href":"https:\/\/www.europesays.com\/de\/wp-json\/wp\/v2\/posts\/502382\/revisions"}],"wp:featuredmedia":[{"embeddable":true,"href":"https:\/\/www.europesays.com\/de\/wp-json\/wp\/v2\/media\/502383"}],"wp:attachment":[{"href":"https:\/\/www.europesays.com\/de\/wp-json\/wp\/v2\/media?parent=502382"}],"wp:term":[{"taxonomy":"category","embeddable":true,"href":"https:\/\/www.europesays.com\/de\/wp-json\/wp\/v2\/categories?post=502382"},{"taxonomy":"post_tag","embeddable":true,"href":"https:\/\/www.europesays.com\/de\/wp-json\/wp\/v2\/tags?post=502382"}],"curies":[{"name":"wp","href":"https:\/\/api.w.org\/{rel}","templated":true}]}}