{"id":502388,"date":"2025-10-16T05:10:13","date_gmt":"2025-10-16T05:10:13","guid":{"rendered":"https:\/\/www.europesays.com\/de\/502388\/"},"modified":"2025-10-16T05:10:13","modified_gmt":"2025-10-16T05:10:13","slug":"berlin-brandenburg-rollstuhlfahrer-bei-s-bahn-unfall-schwer-verletzt","status":"publish","type":"post","link":"https:\/\/www.europesays.com\/de\/502388\/","title":{"rendered":"Berlin &#038; Brandenburg: Rollstuhlfahrer bei S-Bahn-Unfall schwer verletzt"},"content":{"rendered":"<p>                    Berlin &amp; Brandenburg<br \/>\n                Rollstuhlfahrer bei S-Bahn-Unfall schwer verletzt<\/p>\n<p>\t\t\t\t              16.10.2025, 07:01 Uhr<\/p>\n<p><strong>Am Bahnhof Westkreuz kommt es am Morgen zu einem schlimmen Unfall. Ein Mann im Rollstuhl ger\u00e4t in den Gleisbereich und wird von einer herannahenden S-Bahn erfasst.<\/strong><\/p>\n<p>Berlin (dpa\/bb) &#8211; Ein Rollstuhlfahrer ist bei einem Unfall mit einer S-Bahn am Berliner Bahnhof Westkreuz schwer verletzt worden. Der Mann war am Donnerstagmorgen in den Gleisbereich geraten und nach ersten Erkenntnissen der Polizei von einer S-Bahn der Linie 9 erfasst worden. Zum genaueren Unfallhergang konnte die Polizei zun\u00e4chst keine Angaben machen. Auch das Alter des Mannes, der ins Krankenhaus gebracht wurde, sei unbekannt.\u00a0<\/p>\n<p>Im Bahnverkehr gab es infolge des Unfalls zwischenzeitlich Einschr\u00e4nkungen auf den Linien S3, S5, S7 und S9. Mittlerweile l\u00e4uft der Verkehr wieder st\u00f6rungsfrei.<\/p>\n","protected":false},"excerpt":{"rendered":"Berlin &amp; Brandenburg Rollstuhlfahrer bei S-Bahn-Unfall schwer verletzt 16.10.2025, 07:01 Uhr Am Bahnhof Westkreuz kommt es am Morgen&hellip;\n","protected":false},"author":2,"featured_media":502389,"comment_status":"","ping_status":"","sticky":false,"template":"","format":"standard","meta":{"footnotes":""},"categories":[1816],"tags":[1960,1958,1959,1957,296,1956,1890,29,30,43313,125675],"class_list":{"0":"post-502388","1":"post","2":"type-post","3":"status-publish","4":"format-standard","5":"has-post-thumbnail","7":"category-brandenburg","8":"tag-aktuelle-nachrichten-aus-berlin-und-brandenburg","9":"tag-aktuelle-nachrichten-aus-brandenburg","10":"tag-aktuelle-news-aus-berlin-und-brandenburg","11":"tag-aktuelle-news-aus-brandenburg","12":"tag-berlin","13":"tag-berlin-und-brandenburg","14":"tag-brandenburg","15":"tag-deutschland","16":"tag-germany","17":"tag-rollstuhlfahrer","18":"tag-s-bahn-unfall"},"share_on_mastodon":{"url":"https:\/\/pubeurope.com\/@de\/115382126663579900","error":""},"_links":{"self":[{"href":"https:\/\/www.europesays.com\/de\/wp-json\/wp\/v2\/posts\/502388","targetHints":{"allow":["GET"]}}],"collection":[{"href":"https:\/\/www.europesays.com\/de\/wp-json\/wp\/v2\/posts"}],"about":[{"href":"https:\/\/www.europesays.com\/de\/wp-json\/wp\/v2\/types\/post"}],"author":[{"embeddable":true,"href":"https:\/\/www.europesays.com\/de\/wp-json\/wp\/v2\/users\/2"}],"replies":[{"embeddable":true,"href":"https:\/\/www.europesays.com\/de\/wp-json\/wp\/v2\/comments?post=502388"}],"version-history":[{"count":0,"href":"https:\/\/www.europesays.com\/de\/wp-json\/wp\/v2\/posts\/502388\/revisions"}],"wp:featuredmedia":[{"embeddable":true,"href":"https:\/\/www.europesays.com\/de\/wp-json\/wp\/v2\/media\/502389"}],"wp:attachment":[{"href":"https:\/\/www.europesays.com\/de\/wp-json\/wp\/v2\/media?parent=502388"}],"wp:term":[{"taxonomy":"category","embeddable":true,"href":"https:\/\/www.europesays.com\/de\/wp-json\/wp\/v2\/categories?post=502388"},{"taxonomy":"post_tag","embeddable":true,"href":"https:\/\/www.europesays.com\/de\/wp-json\/wp\/v2\/tags?post=502388"}],"curies":[{"name":"wp","href":"https:\/\/api.w.org\/{rel}","templated":true}]}}