{"id":502400,"date":"2025-10-16T05:16:13","date_gmt":"2025-10-16T05:16:13","guid":{"rendered":"https:\/\/www.europesays.com\/de\/502400\/"},"modified":"2025-10-16T05:16:13","modified_gmt":"2025-10-16T05:16:13","slug":"harald-gloeoeckler-teilt-gegen-seine-promi-big-brother-mitbewohner-aus","status":"publish","type":"post","link":"https:\/\/www.europesays.com\/de\/502400\/","title":{"rendered":"Harald Gl\u00f6\u00f6ckler teilt gegen seine &#8222;Promi Big Brother&#8220;-Mitbewohner aus"},"content":{"rendered":"<p>                                                                        Harald Gl\u00f6\u00f6ckler l\u00e4sst an Marc Terenzi kein gutes Haar<\/p>\n<p>Nur noch vier Kandidaten erwarteten nerv\u00f6s Gl\u00f6\u00f6cklers Urteil. Das fiel bei Ex-&#8222;Bachelor&#8220; Mangold kurz aus: &#8222;Ich kann dich nicht einsch\u00e4tzen&#8220;, erkl\u00e4rte der Designer, lobte aber immerhin Mangolds Aussehen. Reality-Star Paco Herb, so Gl\u00f6\u00f6ckler, habe &#8222;bis gestern eigentlich gar nicht existiert&#8220;. Wie ein Haustier sei er in der Ecke herumgelegen, kritisierte er weiter. Bitter f\u00fcr Herb, schlie\u00dflich warfen ihm auch Laura Blond und Wollny bereits &#8222;mangelnden Ehrgeiz&#8220; vor. Erstere hatte ihn am Vortag deshalb nominiert.<\/p>\n<p>Erik aka Satansbratan (26) konnte im Gegensatz zu Herb aufatmen: Gl\u00f6\u00f6ckler schien ihren Streit vor einigen Tagen vergessen zu haben: &#8222;Ich mag dich sehr, du bist ein cooler Typ.&#8220; Marc Terenzi (47) musste sich vor seinem Rausschmiss von dem Designer hingegen einiges anh\u00f6ren. &#8222;Du machst viel Wow-wow. Ich habe nicht das Gef\u00fchl, dass du loyal bist&#8220;, kritisierte Gl\u00f6\u00f6ckler. Der S\u00e4nger sei nicht ehrlich, glaubt Gl\u00f6\u00f6ckler, wolle sich nur selbst promoten und spiele deshalb etwas vor. &#8222;Damit haben wir unsere Fronten, glaube ich, auch gekl\u00e4rt&#8220;, schloss er seinen Rundumschlag ab.<\/p>\n<p>Gl\u00f6\u00f6ckler war mit seiner Abrechnung \u00e4u\u00dferst zufrieden. &#8222;Den habe ich richtig hochgehen lassen&#8220;, freute er sich im Gespr\u00e4ch mit Nick. Was sonst noch an Tag zehn passiert, k\u00f6nnen Zuschauerinnen und Zuschauer in der &#8222;Promi Big Brother&#8220;-Liveshow um 22.30 Uhr bei SAT.1 sehen.<\/p>\n<p>Nach &#8222;Promi Big Brother&#8220;-Nominierung: <a href=\"https:\/\/www.tvspielfilm.de\/news\/tv\/dann-wird-es-frostiger-nach-promi-big-brother-nominierung-harald-gloeoeckler-ist-auf-rache-aus,13179574,ApplicationArticle.html\" target=\"_blank\" rel=\"noopener\">Harald Gl\u00f6\u00f6ckler ist auf Rache aus<\/a>.<\/p>\n","protected":false},"excerpt":{"rendered":"Harald Gl\u00f6\u00f6ckler l\u00e4sst an Marc Terenzi kein gutes Haar Nur noch vier Kandidaten erwarteten nerv\u00f6s Gl\u00f6\u00f6cklers Urteil. Das&hellip;\n","protected":false},"author":2,"featured_media":502401,"comment_status":"","ping_status":"","sticky":false,"template":"","format":"standard","meta":{"footnotes":""},"categories":[1776],"tags":[1801,29,214,30,106125,7416,1802,13002,215],"class_list":{"0":"post-502400","1":"post","2":"type-post","3":"status-publish","4":"format-standard","5":"has-post-thumbnail","7":"category-prominente","8":"tag-celebrities","9":"tag-deutschland","10":"tag-entertainment","11":"tag-germany","12":"tag-harald-gloeoeckler","13":"tag-promi-big-brother","14":"tag-prominente","15":"tag-sat-1","16":"tag-unterhaltung"},"share_on_mastodon":{"url":"https:\/\/pubeurope.com\/@de\/115382149638946381","error":""},"_links":{"self":[{"href":"https:\/\/www.europesays.com\/de\/wp-json\/wp\/v2\/posts\/502400","targetHints":{"allow":["GET"]}}],"collection":[{"href":"https:\/\/www.europesays.com\/de\/wp-json\/wp\/v2\/posts"}],"about":[{"href":"https:\/\/www.europesays.com\/de\/wp-json\/wp\/v2\/types\/post"}],"author":[{"embeddable":true,"href":"https:\/\/www.europesays.com\/de\/wp-json\/wp\/v2\/users\/2"}],"replies":[{"embeddable":true,"href":"https:\/\/www.europesays.com\/de\/wp-json\/wp\/v2\/comments?post=502400"}],"version-history":[{"count":0,"href":"https:\/\/www.europesays.com\/de\/wp-json\/wp\/v2\/posts\/502400\/revisions"}],"wp:featuredmedia":[{"embeddable":true,"href":"https:\/\/www.europesays.com\/de\/wp-json\/wp\/v2\/media\/502401"}],"wp:attachment":[{"href":"https:\/\/www.europesays.com\/de\/wp-json\/wp\/v2\/media?parent=502400"}],"wp:term":[{"taxonomy":"category","embeddable":true,"href":"https:\/\/www.europesays.com\/de\/wp-json\/wp\/v2\/categories?post=502400"},{"taxonomy":"post_tag","embeddable":true,"href":"https:\/\/www.europesays.com\/de\/wp-json\/wp\/v2\/tags?post=502400"}],"curies":[{"name":"wp","href":"https:\/\/api.w.org\/{rel}","templated":true}]}}