{"id":502411,"date":"2025-10-16T05:23:11","date_gmt":"2025-10-16T05:23:11","guid":{"rendered":"https:\/\/www.europesays.com\/de\/502411\/"},"modified":"2025-10-16T05:23:11","modified_gmt":"2025-10-16T05:23:11","slug":"doping-fall-im-eigenen-team-bob-star-friedrich-verliert-weltcup-an-lochner-sport","status":"publish","type":"post","link":"https:\/\/www.europesays.com\/de\/502411\/","title":{"rendered":"Doping-Fall im eigenen Team: Bob-Star Friedrich verliert Weltcup an Lochner | Sport"},"content":{"rendered":"<p><b>Bittere Nachricht f\u00fcr Bob-Dominator Francesco Friedrich (35)! <\/b><\/p>\n<p>Nach einem Dopingfall im eigenen Team ist ihm der Gesamt-Weltcup im Zweierbob aberkannt worden. Dem ZDF liegt ein Schreiben des Weltverbands IBSF vor, in dem alle Wettkampfergebnisse seines Anschiebers Simon Wulff (24) gestrichen werden \u2013 inklusive Medaillen und Preisgeldern. <\/p>\n<p><b>Damit r\u00fcckt Rivale Johannes Lochner nachtr\u00e4glich auf Platz 1, Friedrich f\u00e4llt im Gesamt-Weltcup auf Rang 3 zur\u00fcck.<\/b><\/p>\n<p>Mehr zum Thema<\/p>\n<p>Wulff war vor seiner Sperre mit dem viermaligen Olympiasieger Friedrich erfolgreich: Siege im Zweierbob in Altenberg und im lettischen Sigulda, ein zweiter Platz im Viererbob in Winterberg \u2013 ehe der Skandal aufflog.<\/p>\n<p>Auch interessant<\/p>\n<p>Anzeige<\/p>\n<p>Auch interessant<\/p>\n<p>Anzeige<\/p>\n<p><b>Beim Weltcup-Auftakt 2024 in Altenberg wurde bei Wulff die verbotene Substanz Methylhexanamin gefunden. Sie ist im Training erlaubt, im Wettkampf aber tabu. Der Anschieber bestreitet, sie absichtlich genommen zu haben.<\/b><\/p>\n<p><b>Dazu hie\u00df es in der Mitteilung der Internationalen Testagentur ITA:<\/b> \u201eZwar gibt es keine Hinweise darauf, dass der im Verfahren kooperierende Athlet den Dopingversto\u00df vors\u00e4tzlich begangen hat. Doch konnte er trotz erheblicher Bem\u00fchungen die Herkunft der in seiner Probe nachgewiesenen verbotenen Substanz nicht feststellen.\u201c<\/p>\n<p>10.000 Pl\u00e4tze mehr: Weltklub plant Stadion-Umbau<a class=\"anchor video-teaser__anchor\" href=\"https:\/\/www.bild.de\/sport\/fussball\/fc-arsenal-plant-riesigen-stadionumbau-68efb95c0dc4b85759d388a5\" target=\"_blank\" rel=\"noopener\"><img decoding=\"async\" width=\"992\" height=\"558\" alt=\"FC Arsenal plant riesigen Stadionumbau\" src=\"https:\/\/www.europesays.com\/de\/wp-content\/uploads\/2025\/10\/b7a804da8509ea68408546551ad9c4fd,55937676\"   class=\"landscape teaser__image\" loading=\"lazy\"\/><\/a><\/p>\n<p>Quelle: Mega Stadiums\/ Bild15.10.2025<\/p>\n<p><b>Die Sperre kam r\u00fcckwirkend:<\/b> Sie gilt f\u00fcr 21 Monate seit Dezember 2024 \u2013 also bis September 2026. Damit ist klar: <a href=\"https:\/\/www.bild.de\/sport\/mehr-sport\/wintersport-sperre-nach-doping-raetsel-olympia-aus-fuer-bob-star-simon-wulff-68b837590648574ee41a6652\" class=\"text-link\" target=\"_blank\" rel=\"noopener\">Wulff wird bei den Olympischen Winterspielen<\/a> im Februar 2026 nicht mehr an Bord von Friedrichs Schlitten sein. Ein Start ist f\u00fcr ihn erst ab dem 7. September 2026 wieder m\u00f6glich.<\/p>\n<p><b>F\u00fcr Friedrichs gro\u00dfen Konkurrenten gehen die Ma\u00dfnahmen aber nicht weit genug!<\/b><\/p>\n<p>Johannes Lochner \u00e4u\u00dferte Kritik: Nur das Rennen in Altenberg wurde f\u00fcr Friedrichs Team gestrichen \u2013 obwohl Wulff auch in Sigulda und Winterberg mitfuhr. Lochner h\u00e4lt es f\u00fcr \u201eunwahrscheinlich\u201c, dass auch diese Ergebnisse noch annulliert werden.<\/p>\n","protected":false},"excerpt":{"rendered":"Bittere Nachricht f\u00fcr Bob-Dominator Francesco Friedrich (35)! Nach einem Dopingfall im eigenen Team ist ihm der Gesamt-Weltcup im&hellip;\n","protected":false},"author":2,"featured_media":502412,"comment_status":"","ping_status":"","sticky":false,"template":"","format":"standard","meta":{"footnotes":""},"categories":[136],"tags":[1263,125676,29,125677,30,656,265,45,864],"class_list":{"0":"post-502411","1":"post","2":"type-post","3":"status-publish","4":"format-standard","5":"has-post-thumbnail","7":"category-sport","8":"tag-aufmacher-bereich","9":"tag-bobsport","10":"tag-deutschland","11":"tag-friedrich-francesco","12":"tag-germany","13":"tag-olympia","14":"tag-sport","15":"tag-texttospeech","16":"tag-wintersport"},"share_on_mastodon":{"url":"https:\/\/pubeurope.com\/@de\/115382177372195016","error":""},"_links":{"self":[{"href":"https:\/\/www.europesays.com\/de\/wp-json\/wp\/v2\/posts\/502411","targetHints":{"allow":["GET"]}}],"collection":[{"href":"https:\/\/www.europesays.com\/de\/wp-json\/wp\/v2\/posts"}],"about":[{"href":"https:\/\/www.europesays.com\/de\/wp-json\/wp\/v2\/types\/post"}],"author":[{"embeddable":true,"href":"https:\/\/www.europesays.com\/de\/wp-json\/wp\/v2\/users\/2"}],"replies":[{"embeddable":true,"href":"https:\/\/www.europesays.com\/de\/wp-json\/wp\/v2\/comments?post=502411"}],"version-history":[{"count":0,"href":"https:\/\/www.europesays.com\/de\/wp-json\/wp\/v2\/posts\/502411\/revisions"}],"wp:featuredmedia":[{"embeddable":true,"href":"https:\/\/www.europesays.com\/de\/wp-json\/wp\/v2\/media\/502412"}],"wp:attachment":[{"href":"https:\/\/www.europesays.com\/de\/wp-json\/wp\/v2\/media?parent=502411"}],"wp:term":[{"taxonomy":"category","embeddable":true,"href":"https:\/\/www.europesays.com\/de\/wp-json\/wp\/v2\/categories?post=502411"},{"taxonomy":"post_tag","embeddable":true,"href":"https:\/\/www.europesays.com\/de\/wp-json\/wp\/v2\/tags?post=502411"}],"curies":[{"name":"wp","href":"https:\/\/api.w.org\/{rel}","templated":true}]}}