{"id":502424,"date":"2025-10-16T05:29:11","date_gmt":"2025-10-16T05:29:11","guid":{"rendered":"https:\/\/www.europesays.com\/de\/502424\/"},"modified":"2025-10-16T05:29:11","modified_gmt":"2025-10-16T05:29:11","slug":"pressefreiheit-journalisten-verlassen-pentagon-wegen-neuer-berichterstattungsregeln","status":"publish","type":"post","link":"https:\/\/www.europesays.com\/de\/502424\/","title":{"rendered":"Pressefreiheit: Journalisten verlassen Pentagon wegen neuer Berichterstattungsregeln"},"content":{"rendered":"<p class=\"paragraph article__item\">Aus Protest gegen neue Berichterstattungsregeln<br \/>\nder US-Regierung haben zahlreiche Reporterinnen und Reporter am Mittwoch das <a class=\"rtr-entity\" href=\"https:\/\/www.zeit.de\/thema\/pentagon\" target=\"_blank\" rel=\"noopener\">Pentagon<\/a> verlassen und ihre Zugangsausweise abgegeben.\u00a0Etwa 40 bis 50<br \/>\nJournalisten\u00a0verlie\u00dfen gemeinsam das Geb\u00e4ude und trugen St\u00fchle, einen Kopierer,<br \/>\nB\u00fccher und Fotos auf den Parkplatz des Ministeriums. &#8222;Es ist traurig,<br \/>\naber ich bin auch wirklich stolz auf das Pressekorps, dass wir<br \/>\nzusammengehalten haben&#8220;, sagte Nancy Youssef, Reporterin des\u00a0The<br \/>\nAtlantic, die seit 2007 einen Schreibtisch im Pentagon hatte.\n<\/p>\n<p class=\"paragraph article__item\">Die von US-Verteidigungsminister <a class=\"rtr-entity\" href=\"https:\/\/www.zeit.de\/thema\/pete-hegseth\" target=\"_blank\" rel=\"noopener\">Pete Hegseth<\/a> erlassenen Vorgaben sehen<br \/>\nvor, dass Journalisten aus dem Pentagon ausgewiesen werden k\u00f6nnen, wenn<br \/>\nsie \u00fcber Informationen berichten, die nicht von Hegseth zur<br \/>\nVer\u00f6ffentlichung freigegeben wurden.\n<\/p>\n<p class=\"paragraph article__item\">Mehr als\u00a0<a href=\"https:\/\/www.zeit.de\/politik\/ausland\/2025-10\/pentagon-us-medien-regeln-gxe\" class=\"\" target=\"_blank\" rel=\"noopener\">30 US-Medienh\u00e4user hatten sich geweigert<\/a>, die Zugangsregeln\u00a0im Ministerium zu unterzeichnen. Darunter Mitarbeiter der Nachrichtenagenturen Reuters, AFP und AP sowie die Zeitungen\u00a0New York Times,\u00a0Wall Street Journal\u00a0und\u00a0Washington Post.\u00a0Auch die konservativen Medien\u00a0Fox\u00a0News,\u00a0Washington Times\u00a0und\u00a0Newsmax\u00a0schlossen sich an. Als bisher einziges Medienunternehmen hat Berichten zufolge das rechte One America News Network OANN den Bedingungen zugestimmt.\n<\/p>\n<p>        &#8222;Unser ganzes Ziel ist es, Informationen zu beschaffen&#8220;        <\/p>\n<p class=\"paragraph article__item\">Dass Journalisten sich per Unterschrift<br \/>\nzur Einhaltung der neuen Regeln verpflichten m\u00fcssen, ist ein Bestandteil von Hegseths <a href=\"https:\/\/www.zeit.de\/politik\/ausland\/2025-09\/usa-pentagon-pete-hegseth-journalisten\" class=\"\" target=\"_blank\" rel=\"noopener\">neuer Medienpolitik<\/a>. Atlantic-Reporterin Youssef sagte, es<br \/>\nergebe keinen Sinn, Regeln zu unterzeichnen, die vorschrieben, dass<br \/>\nReporter Milit\u00e4rbeamte nicht nach Informationen fragen d\u00fcrften. &#8222;Wer<br \/>\nzustimmt, keine Informationen anzufordern, stimmt zu, kein Journalist<br \/>\nmehr zu sein&#8220;, sagte sie. &#8222;Unser ganzes Ziel ist es, Informationen zu<br \/>\nbeschaffen.&#8220;\n<\/p>\n<p>                            \u00a9\u00a0Lea Dohle<\/p>\n<p>\n                                        Newsletter<br \/>\n                                        Was jetzt? \u2013 Der t\u00e4gliche Morgen\u00fcberblick<\/p>\n<p class=\"newsletter-signup__text\">Starten Sie mit unserem kurzen Nachrichten-Newsletter in den Tag. Erhalten Sie zudem freitags den US-Sonderletter &#8222;Was jetzt, America?&#8220; sowie das digitale Magazin ZEIT am Wochenende.<\/p>\n<p class=\"newsletter-signup__datapolicy\" hidden=\"\">\n            Mit Ihrer Registrierung nehmen Sie die <a href=\"https:\/\/datenschutz.zeit.de\/zon#Newsletter\" target=\"_blank\" rel=\"noopener\">Datenschutzerkl\u00e4rung<\/a> zur Kenntnis.\n        <\/p>\n<p>    Vielen Dank! Wir haben Ihnen eine E-Mail geschickt.<\/p>\n<p>Pr\u00fcfen Sie Ihr Postfach und best\u00e4tigen Sie das Newsletter-Abonnement.<\/p>\n<p class=\"paragraph article__item\">Die Pentagon Press Association bezeichnete den 15. Oktober 2025 <a href=\"https:\/\/x.com\/spectatorindex\/status\/1978588123232969142\/photo\/1\" class=\"\" target=\"_blank\">in einem Statement<\/a> als &#8222;schwarzen Tag f\u00fcr die Pressefreiheit&#8220;. Er gebe Anlass zur Sorge, dass sich das &#8222;Engagement der USA f\u00fcr Transparenz in der Regierungsf\u00fchrung, f\u00fcr \u00f6ffentliche Rechenschaftspflicht im Pentagon und f\u00fcr die Meinungsfreiheit aller&#8220; abschw\u00e4che.\n<\/p>\n<p class=\"paragraph article__item\">Tara Copp, Pentagon-Korrespondentin der Washington Post, sprach beim Verlassen des Geb\u00e4udes laut Sydney Morning Herald von einem &#8222;beispiellosen Angriff auf das Recht der \u00d6ffentlichkeit auf Information und das Ende einer der professionellsten Beziehungen zwischen Presse und Regierung&#8220;. Sie verlasse das Ministerium, um f\u00fcr das Recht auf freie Meinungs\u00e4u\u00dferung einzutreten.<\/p>\n<p class=\"paragraph article__item\">Schon vor Einf\u00fchrung der neuen Berichterstattungsregeln hatte Hegseth, ein ehemaliger Fox-News-Moderator, den Informationsfluss<br \/>\n eingeschr\u00e4nkt. Er hielt nur zwei formelle Pressebriefings ab,<br \/>\nuntersagte Journalisten den Zugang\u00a0ohne Begleitung zu vielen Bereichen des Pentagons und leitete Ermittlungen zu Medien-Leaks ein.\n<\/p>\n<p>        US-Regierung will &#8222;sehr st\u00f6rende Presse&#8220; regulieren        <\/p>\n<p class=\"paragraph article__item\">Welche praktischen Auswirkungen die von Hegseth<br \/>\n verh\u00e4ngten Einschr\u00e4nkungen haben werden, ist noch unklar.\u00a0Die US-Regierung hatte mitgeteilt, mit den neuen Regeln<br \/>\nwolle man eine &#8222;sehr st\u00f6rende Presse&#8220; regulieren. Die<br \/>\nJournalistinnen und Journalisten k\u00fcndigten jedoch an, weiterhin intensiv \u00fcber das US-Milit\u00e4r<br \/>\n berichten zu wollen, auch wenn dies k\u00fcnftig aus gr\u00f6\u00dferer Distanz<br \/>\ngeschehen m\u00fcsse.<\/p>\n<p class=\"paragraph article__item\">US-Pr\u00e4sident Donald Trump hat sich seit<br \/>\nseinem Amtsantritt mit mehreren Medien juristische Auseinandersetzungen<br \/>\ngeliefert \u2013 darunter das\u00a0Wall Street Journal, die Fernsehsender CBS News und ABC News sowie die Nachrichtenagentur AP. Die\u00a0New York Times\u00a0war im September von Trump wegen angeblicher Verleumdung auf eine Entsch\u00e4digung in H\u00f6he von 15 Milliarden Dollar (rund 12,7 Milliarden Euro) verklagt worden. Vermeintlich kritischen Sendern hatte der <a href=\"https:\/\/www.zeit.de\/politik\/ausland\/2025-09\/usa-donald-trump-jimmy-kimmel-tv-sender-lizenzen\" class=\"\" target=\"_blank\" rel=\"noopener\">US-Pr\u00e4sident mit dem Entzug der Lizenz<\/a> gedroht.\u00a0\n<\/p>\n<p>            Pressefreiheit unter Trump        <\/p>\n<p>Mehr zum Thema<\/p>\n<p>                <a href=\"https:\/\/www.zeit.de\/kultur\/2025-09\/new-york-times-donald-trump-15-milliarden-dollar-slapp-klage-presse\" data-ct-label=\"&quot;New York Times&quot;: Der Einsch\u00fcchterer\" target=\"_blank\" rel=\"noopener\"><\/p>\n<p>                        &#8222;New York Times&#8220;:<br \/>\n                        Der Einsch\u00fcchterer<\/p>\n<p>                <\/a><\/p>\n<p>                <a href=\"https:\/\/www.zeit.de\/politik\/ausland\/2025-09\/usa-donald-trump-jimmy-kimmel-tv-sender-lizenzen\" data-ct-label=\"US-Medien: Trump droht vermeintlich kritischen TV-Sendern mit Lizenzentzug\" target=\"_blank\" rel=\"noopener\"><\/p>\n<p>                        US-Medien:<br \/>\n                        Trump droht vermeintlich kritischen TV-Sendern mit Lizenzentzug<\/p>\n<p>                <\/a><\/p>\n<p>                <a href=\"https:\/\/www.zeit.de\/kultur\/2025-09\/satire-usa-jimmy-kimmel-pressefreiheit-donald-trump\" data-ct-label=\"Satire in den USA: Das Lachen verschwindet\" target=\"_blank\" rel=\"noopener\"><\/p>\n<p>        Z+ (abopflichtiger Inhalt);<\/p>\n<p>    Satire in den USA:<br \/>\n                        Das Lachen verschwindet<\/p>\n<p>                <\/a><\/p>\n","protected":false},"excerpt":{"rendered":"Aus Protest gegen neue Berichterstattungsregeln der US-Regierung haben zahlreiche Reporterinnen und Reporter am Mittwoch das Pentagon verlassen und&hellip;\n","protected":false},"author":2,"featured_media":502425,"comment_status":"","ping_status":"","sticky":false,"template":"","format":"standard","meta":{"footnotes":""},"categories":[5],"tags":[125680,13,14,125679,15,718,649,16,9823,12,10,8,9,11,125681],"class_list":{"0":"post-502424","1":"post","2":"type-post","3":"status-publish","4":"format-standard","5":"has-post-thumbnail","7":"category-nachrichten","8":"tag-berichterstattungsregel","9":"tag-headlines","10":"tag-nachrichten","11":"tag-nancy-youssef","12":"tag-news","13":"tag-pentagon","14":"tag-pete-hegseth","15":"tag-politik","16":"tag-pressefreiheit","17":"tag-schlagzeilen","18":"tag-top-news","19":"tag-top-meldungen","20":"tag-topmeldungen","21":"tag-topnews","22":"tag-zugangsausweis"},"share_on_mastodon":{"url":"https:\/\/pubeurope.com\/@de\/115382200918876152","error":""},"_links":{"self":[{"href":"https:\/\/www.europesays.com\/de\/wp-json\/wp\/v2\/posts\/502424","targetHints":{"allow":["GET"]}}],"collection":[{"href":"https:\/\/www.europesays.com\/de\/wp-json\/wp\/v2\/posts"}],"about":[{"href":"https:\/\/www.europesays.com\/de\/wp-json\/wp\/v2\/types\/post"}],"author":[{"embeddable":true,"href":"https:\/\/www.europesays.com\/de\/wp-json\/wp\/v2\/users\/2"}],"replies":[{"embeddable":true,"href":"https:\/\/www.europesays.com\/de\/wp-json\/wp\/v2\/comments?post=502424"}],"version-history":[{"count":0,"href":"https:\/\/www.europesays.com\/de\/wp-json\/wp\/v2\/posts\/502424\/revisions"}],"wp:featuredmedia":[{"embeddable":true,"href":"https:\/\/www.europesays.com\/de\/wp-json\/wp\/v2\/media\/502425"}],"wp:attachment":[{"href":"https:\/\/www.europesays.com\/de\/wp-json\/wp\/v2\/media?parent=502424"}],"wp:term":[{"taxonomy":"category","embeddable":true,"href":"https:\/\/www.europesays.com\/de\/wp-json\/wp\/v2\/categories?post=502424"},{"taxonomy":"post_tag","embeddable":true,"href":"https:\/\/www.europesays.com\/de\/wp-json\/wp\/v2\/tags?post=502424"}],"curies":[{"name":"wp","href":"https:\/\/api.w.org\/{rel}","templated":true}]}}