{"id":502434,"date":"2025-10-16T05:35:11","date_gmt":"2025-10-16T05:35:11","guid":{"rendered":"https:\/\/www.europesays.com\/de\/502434\/"},"modified":"2025-10-16T05:35:11","modified_gmt":"2025-10-16T05:35:11","slug":"rheydter-sv-schlaegt-odenkirchen-im-halbfinale-20","status":"publish","type":"post","link":"https:\/\/www.europesays.com\/de\/502434\/","title":{"rendered":"Rheydter SV schl\u00e4gt Odenkirchen im Halbfinale 2:0"},"content":{"rendered":"<p class=\"text_ohne_einzug richtext text-em-55 !leading-serif mx-6 desktop:mx-0\">Der Kreispokal M\u00f6nchengladbach-Viersen ist nach dem ersten Halbfinal-Spiel um eine \u00dcberraschung reicher. A-Ligist Rheydter SV hat nach einem verdienten 2:0-Sieg gegen Bezirksligist SpVg Odenkirchen das Finale erreicht und wirft damit nach dem Zweitrundensieg gegen Landesligist ASV S\u00fcchteln den n\u00e4chsten h\u00f6herklassigen Gegner aus dem Turnier. Am Ostermontag 2026 trifft der RSV dann entweder auf den SV L\u00fcrrip oder SF Neuwerk. Der zweite Halbfinalist wird n\u00e4mlich am kommenden Dienstag (19.30 Uhr) ermittelt.<\/p>\n<p class=\"richtext text-em-55 !leading-serif mx-6 desktop:mx-0\">In einer ereignisarmen Anfangsphase war der Favorit Odenkirchen zun\u00e4chst um Kontrolle bem\u00fcht, hatte mehr Ballbesitz und lie\u00df die Rheydter anlaufen. Vor rund 300 Zuschauern im Campuspark Rheydt blieben Odenkirchens erste Offensivaktionen anfangs harmlos. Zwingend wurde es erstmals nach 22 Minuten, als Andrej Ferderer und Robin Wolf mit einem Doppelabschluss am gut aufgelegten Rheydter Torwart Oguz \u00dcrkmez scheiterten.<\/p>\n<p class=\"richtext text-em-55 !leading-serif mx-6 desktop:mx-0\">Dann war pl\u00f6tzlich Rheydt da: Au\u00dfenst\u00fcrmer Mohamedyasine Belhamri kam aus spitzem Winkel zum Abschluss und jagte den Ball nur knapp rechts \u00fcber den Knick. Und pl\u00f6tzlich lag der \u201eSp\u00f6\u201c vorne: Erneut setzte sich Belhamri auf der Seite durch, flankte flach in die Mitte. Dort stand Mats Schleszies richtig und schob \u00fcberlegt zum 1:0 ein (25. Minute).<\/p>\n<p class=\"richtext text-em-55 !leading-serif mx-6 desktop:mx-0\">Die anhaltende Ballkontrolle konnte Odenkirchen bis dahin noch nicht in gef\u00e4hrliche Situationen umm\u00fcnzen. Das \u00e4nderte sich in der 34. Minute. Einen gef\u00e4hrlichen Freisto\u00df von Ferderer parierte \u00dcrkmez noch gerade rechts zur Ecke. Kurz darauf m\u00e4chtig Dusel f\u00fcr den RSV: Odenkirchens Metin T\u00fcrkay probierte es mit einem knackigen Fernschuss. Der Ball tropfte von der Latte auf die Linie, den Nachschuss lie\u00df Pascal Moseler liegen (35.). Der Ausgleich w\u00e4re zu dem Zeitpunkt f\u00e4llig gewesen, doch mit der knappen Rheydter F\u00fchrung ging es in die Pause.<\/p>\n<p class=\"richtext text-em-55 !leading-serif mx-6 desktop:mx-0\">Nach einem engagierten Beginn beider Teams gewann Odenkirchen wieder die Spielkontrolle. Federer wurde zentral im Strafraum angespielt, verzog beim Abschluss aber deutlich (57.). Rheydt stand tief, lauerte aber geduldig auf seine Chancen: Der spritzige Belhamri sorgte immer wieder f\u00fcr Wirbel auf der rechten Seite.<\/p>\n<p class=\"richtext text-em-55 !leading-serif mx-6 desktop:mx-0\">Odenkirchens Abschl\u00fcsse blieben harmlos, langsam lief der SpVg die Zeit davon. Dann die spielentscheidende Szene: Beim Herauslaufen versch\u00e4tzte sich Odenkirchens Keeper Paul Breitewischer: Um Belhamri vom Ball wegzuhalten, wusste sich der Torwart nicht anders zu helfen, als den Rheydter von den Beinen zu holen. Schiedsrichter David Dos Reis zeigte auf den Elfmeterpunkt. Den Strafsto\u00df verwandelte Florian Vitia sicher zum 2:0 (85.). Ein gro\u00dfes Odenkirchener Aufb\u00e4umen folgte trotz einer Doppelchance in der 87. Minute nicht mehr, die Schlussphase war durch Nickeligkeiten gepr\u00e4gt. Kapit\u00e4n Marcel Schulz sah nach einem Foulspiel die Rote Karte.<\/p>\n<p class=\"richtext text-em-55 !leading-serif mx-6 desktop:mx-0\">Ein entt\u00e4uschter Odenkirchen-Trainer Simon Sommer attestierte seiner Mannschaft eine \u201eunterirdische Leistung\u201c. \u201eDie Frische hat gefehlt nach den englischen Wochen. Doch so darf man in einem Halbfinale nicht auftreten. Wir haben nicht ann\u00e4hernd das gezeigt, was wir k\u00f6nnen, das ist bitter. Wir haben nicht geschafft uns reinzuk\u00e4mpfen. Gl\u00fcckwunsch an Rheydt, es war ein hochverdienter Sieg\u201c, zog Sommer Fazit. Kleiner Trost: Im Spiel um Platz drei kann sich Odenkirchen noch den dritten Startplatz f\u00fcr den Niederrheinpokal sichern.<\/p>\n<p class=\"richtext text-em-55 !leading-serif mx-6 desktop:mx-0\">RSV-Co-Trainer Karsten Waniek war \u201emega stolz\u201c auf die Mannschaft. \u201eUnsere Taktik ist voll aufgegangen, es war eine tolle, geschlossene Mannschaftsleistung\u201c, res\u00fcmierte er. \u201eWir haben fast \u00fcber das ganze Spiel diszipliniert verteidigt, haben das Zentrum komplett dichtgemacht. Der Pascal Moseler ist 90 Minuten lang aus dem Spiel genommen worden, so hatte Odenkirchen in den Halbr\u00e4umen keine Anbindung\u201c, sagte Waniek. Etwas Gl\u00fcck habe sein Team auch auf seiner Seite gehabt und die entscheidenden \u201eLeidenszeiten\u201c \u00fcberstanden. Im Finale w\u00fcnscht sich der RSV \u201eden besseren Gegner\u201c, tendiert aber leicht zum SV L\u00fcrrip.<\/p>\n","protected":false},"excerpt":{"rendered":"Der Kreispokal M\u00f6nchengladbach-Viersen ist nach dem ersten Halbfinal-Spiel um eine \u00dcberraschung reicher. A-Ligist Rheydter SV hat nach einem&hellip;\n","protected":false},"author":2,"featured_media":502435,"comment_status":"","ping_status":"","sticky":false,"template":"","format":"standard","meta":{"footnotes":""},"categories":[1849],"tags":[125682,3364,29,548,663,3934,2665,10097,27840,16854,30,125683,13,37912,31767,4455,14,15,3718,1209,40976,5907,10854,29330,17653,63716,12,47537],"class_list":{"0":"post-502434","1":"post","2":"type-post","3":"status-publish","4":"format-standard","5":"has-post-thumbnail","7":"category-moenchengladbach","8":"tag-belhamri","9":"tag-de","10":"tag-deutschland","11":"tag-eu","12":"tag-europa","13":"tag-europe","14":"tag-finale","15":"tag-finaleinzug","16":"tag-freistoss","17":"tag-gegner","18":"tag-germany","19":"tag-halbfinal","20":"tag-headlines","21":"tag-kreispokal","22":"tag-luerrip","23":"tag-moenchengladbach","24":"tag-nachrichten","25":"tag-news","26":"tag-niederrheinpokal","27":"tag-nordrhein-westfalen","28":"tag-odenkirchen","29":"tag-pokal","30":"tag-reis","31":"tag-rheydt","32":"tag-rheydter","33":"tag-rsv","34":"tag-schlagzeilen","35":"tag-wirft"},"share_on_mastodon":{"url":"https:\/\/pubeurope.com\/@de\/115382224373446025","error":""},"_links":{"self":[{"href":"https:\/\/www.europesays.com\/de\/wp-json\/wp\/v2\/posts\/502434","targetHints":{"allow":["GET"]}}],"collection":[{"href":"https:\/\/www.europesays.com\/de\/wp-json\/wp\/v2\/posts"}],"about":[{"href":"https:\/\/www.europesays.com\/de\/wp-json\/wp\/v2\/types\/post"}],"author":[{"embeddable":true,"href":"https:\/\/www.europesays.com\/de\/wp-json\/wp\/v2\/users\/2"}],"replies":[{"embeddable":true,"href":"https:\/\/www.europesays.com\/de\/wp-json\/wp\/v2\/comments?post=502434"}],"version-history":[{"count":0,"href":"https:\/\/www.europesays.com\/de\/wp-json\/wp\/v2\/posts\/502434\/revisions"}],"wp:featuredmedia":[{"embeddable":true,"href":"https:\/\/www.europesays.com\/de\/wp-json\/wp\/v2\/media\/502435"}],"wp:attachment":[{"href":"https:\/\/www.europesays.com\/de\/wp-json\/wp\/v2\/media?parent=502434"}],"wp:term":[{"taxonomy":"category","embeddable":true,"href":"https:\/\/www.europesays.com\/de\/wp-json\/wp\/v2\/categories?post=502434"},{"taxonomy":"post_tag","embeddable":true,"href":"https:\/\/www.europesays.com\/de\/wp-json\/wp\/v2\/tags?post=502434"}],"curies":[{"name":"wp","href":"https:\/\/api.w.org\/{rel}","templated":true}]}}