{"id":502436,"date":"2025-10-16T05:36:28","date_gmt":"2025-10-16T05:36:28","guid":{"rendered":"https:\/\/www.europesays.com\/de\/502436\/"},"modified":"2025-10-16T05:36:28","modified_gmt":"2025-10-16T05:36:28","slug":"unfall-auf-der-a42-polizei-sucht-fluechtigen-fahrer","status":"publish","type":"post","link":"https:\/\/www.europesays.com\/de\/502436\/","title":{"rendered":"Unfall auf der A42 \u2013 Polizei sucht fl\u00fcchtigen Fahrer"},"content":{"rendered":"<p class=\"small date article__date\">Ver\u00f6ffentlicht:\u00a0Donnerstag, 16.10.2025 05:51<\/p>\n<p>Ein schwerer Unfall auf der A42 besch\u00e4ftigt die Polizei \u2013 ein Fahrer ist verletzt, der mutma\u00dfliche Verursacher auf der Flucht.<\/p>\n<p><img decoding=\"async\" alt=\"\" src=\"https:\/\/www.europesays.com\/de\/wp-content\/uploads\/2025\/10\/adobestock_257322592.jpeg&#038;crop=0x140x6720x4200&#038;resize=1280x800&#038;dt=202002241419220.jpeg\" data-size=\"1280x800\"\/>\u00a9 zef art &#8211; stock.adobe.com<\/p>\n<ul>\n<li><strong>Ein Autofahrer schwer verletzt<\/strong><\/li>\n<li><strong>Hinweise nimmt die Polizei M\u00fcnster entgegen<\/strong><\/li>\n<\/ul>\n<p>Nach einem schweren Unfall in Gelsenkirchen sucht die Polizei nach einem fl\u00fcchtigen Beteiligten und bittet euch um Hilfe.<\/p>\n<p>Am Dienstagabend, kurz vor acht, hat es auf der A42 Richtung Dortmund gekracht \u2013 und zwar in H\u00f6he der Anschlussstelle Gelsenkirchen-Zentrum. Ein 20-j\u00e4hriger Autofahrer aus Gladbeck war auf der linken Spur unterwegs, als hinter ihm ein Wagen offenbar viel zu dicht auffuhr. Um einen Zusammensto\u00df zu vermeiden, zog er r\u00fcber auf die rechte Spur \u2013 und prallte dort in einen Volvo.<\/p>\n<p>Der Volvo wurde durch den Aufprall auf einen Mercedes davor geschoben. Der Fahrer des Volvo wurde dabei schwer verletzt und musste von der Feuerwehr aus dem Auto befreit werden. Er kam ins Krankenhaus. Die anderen Beteiligten blieben unverletzt.<\/p>\n<p>Der mutma\u00dfliche Verursacher des Ganzen machte sich aus dem Staub. Laut ersten Hinweisen k\u00f6nnte es sich um einen dunklen BMW der 1er-Reihe handeln. Die Polizei sucht jetzt Zeugen, die den Wagen gesehen haben oder sagen k\u00f6nnen, wer am Steuer sa\u00df. Hinweise gehen an die Polizei M\u00fcnster unter der Nummer 0251 275-0.<\/p>\n","protected":false},"excerpt":{"rendered":"Ver\u00f6ffentlicht:\u00a0Donnerstag, 16.10.2025 05:51 Ein schwerer Unfall auf der A42 besch\u00e4ftigt die Polizei \u2013 ein Fahrer ist verletzt, der&hellip;\n","protected":false},"author":2,"featured_media":9239,"comment_status":"","ping_status":"","sticky":false,"template":"","format":"standard","meta":{"footnotes":""},"categories":[1848],"tags":[25086,5704,3364,29,548,663,3934,3658,30,13,14,15,1209,12,1284],"class_list":{"0":"post-502436","1":"post","2":"type-post","3":"status-publish","4":"format-standard","5":"has-post-thumbnail","7":"category-gelsenkirchen","8":"tag-a42","9":"tag-zeugensuche","10":"tag-de","11":"tag-deutschland","12":"tag-eu","13":"tag-europa","14":"tag-europe","15":"tag-gelsenkirchen","16":"tag-germany","17":"tag-headlines","18":"tag-nachrichten","19":"tag-news","20":"tag-nordrhein-westfalen","21":"tag-schlagzeilen","22":"tag-unfall"},"share_on_mastodon":{"url":"https:\/\/pubeurope.com\/@de\/115382228613825180","error":""},"_links":{"self":[{"href":"https:\/\/www.europesays.com\/de\/wp-json\/wp\/v2\/posts\/502436","targetHints":{"allow":["GET"]}}],"collection":[{"href":"https:\/\/www.europesays.com\/de\/wp-json\/wp\/v2\/posts"}],"about":[{"href":"https:\/\/www.europesays.com\/de\/wp-json\/wp\/v2\/types\/post"}],"author":[{"embeddable":true,"href":"https:\/\/www.europesays.com\/de\/wp-json\/wp\/v2\/users\/2"}],"replies":[{"embeddable":true,"href":"https:\/\/www.europesays.com\/de\/wp-json\/wp\/v2\/comments?post=502436"}],"version-history":[{"count":0,"href":"https:\/\/www.europesays.com\/de\/wp-json\/wp\/v2\/posts\/502436\/revisions"}],"wp:featuredmedia":[{"embeddable":true,"href":"https:\/\/www.europesays.com\/de\/wp-json\/wp\/v2\/media\/9239"}],"wp:attachment":[{"href":"https:\/\/www.europesays.com\/de\/wp-json\/wp\/v2\/media?parent=502436"}],"wp:term":[{"taxonomy":"category","embeddable":true,"href":"https:\/\/www.europesays.com\/de\/wp-json\/wp\/v2\/categories?post=502436"},{"taxonomy":"post_tag","embeddable":true,"href":"https:\/\/www.europesays.com\/de\/wp-json\/wp\/v2\/tags?post=502436"}],"curies":[{"name":"wp","href":"https:\/\/api.w.org\/{rel}","templated":true}]}}