{"id":502440,"date":"2025-10-16T05:39:13","date_gmt":"2025-10-16T05:39:13","guid":{"rendered":"https:\/\/www.europesays.com\/de\/502440\/"},"modified":"2025-10-16T05:39:13","modified_gmt":"2025-10-16T05:39:13","slug":"mannheim-auto-landet-nach-unfall-auf-dem-dach-vier-verletzte","status":"publish","type":"post","link":"https:\/\/www.europesays.com\/de\/502440\/","title":{"rendered":"Mannheim: Auto landet nach Unfall auf dem Dach &#8211; vier Verletzte"},"content":{"rendered":"<p>\t\t\t\t\t\t\t\t\t\t\t\t\t\t\t\t\t\t\t\t\t\t\t\t\t\t\t\t      \t\t            \t\t             \t\t\t\t   \t\t\t\t\t   <img decoding=\"async\" id=\"article-image\" fetchpriority=\"high\" alt=\"Mannheim: Auto landet nach Unfall auf dem Dach - vier Verletzte\" title=\"Mannheim: Auto landet nach Unfall auf dem Dach - vier Verletzte\" src=\"https:\/\/www.europesays.com\/de\/wp-content\/uploads\/2025\/10\/media.media.c3b02ed9-f040-49e3-b597-3428cb7d5cc7.16x9_700.jpg\" data-linkto=\"https:\/\/www.stuttgarter-nachrichten.de\/javascript:void(0);\"\/>\t\t\t\t\t\t\t\t\t\t\t\t\t\t\t\t\t\t\t\t\t\t\t\tLaut Polizei wurde die 33-j\u00e4hrige Fahrerin beim Unfall schwer verletzt. (Symbolbild)\u00a0Foto: dpa\/Stefan Puchner\t\t\t<\/p>\n<p>Mitten in Mannheim kracht es: Nach einem Zusammensto\u00df \u00fcberschl\u00e4gt sich ein Auto, vier Menschen werden verletzt. Was ist die Unfallursache?<\/p>\n<p>Bei einem Zusammensto\u00df mit einem anderen Auto ist in <a href=\"https:\/\/www.stuttgarter-nachrichten.de\/thema\/Mannheim\" title=\"Mannheim\" class=\"art_thema\" target=\"_blank\" rel=\"noopener\">Mannheim<\/a> ein Wagen umgekippt und auf dem Dach gelandet. Die 33 Jahre alte Fahrerin wurde laut <a href=\"https:\/\/www.stuttgarter-nachrichten.de\/thema\/Polizei\" title=\"Polizei\" class=\"art_thema\" target=\"_blank\" rel=\"noopener\">Polizei<\/a> bei dem <a href=\"https:\/\/www.stuttgarter-nachrichten.de\/thema\/Unfall\" title=\"Unfall\" class=\"art_thema\" target=\"_blank\" rel=\"noopener\">Unfall<\/a> am Mittwochabend schwer, aber nicht lebensgef\u00e4hrlich verletzt. Ihre drei Mitfahrer im Alter von 9 bis 30 Jahren erlitten leichte Verletzungen. <\/p>\n<p>Den Angaben zufolge \u00fcbersah ein 18 Jahre alter Autofahrer beim Fahrspurwechsel den neben ihm fahrenden Wagen der 33-J\u00e4hrigen. Durch die Kollision wurde das Auto der 33-J\u00e4hrigen abgewiesen, kippte um und blieb auf der Gegenspur liegen.<\/p>\n","protected":false},"excerpt":{"rendered":"Laut Polizei wurde die 33-j\u00e4hrige Fahrerin beim Unfall schwer verletzt. (Symbolbild)\u00a0Foto: dpa\/Stefan Puchner Mitten in Mannheim kracht es:&hellip;\n","protected":false},"author":2,"featured_media":502441,"comment_status":"","ping_status":"","sticky":false,"template":"","format":"standard","meta":{"footnotes":""},"categories":[1845],"tags":[36465,1634,3364,29,548,663,3934,30,13,2096,14,15,121,51678,12,42631,1284],"class_list":{"0":"post-502440","1":"post","2":"type-post","3":"status-publish","4":"format-standard","5":"has-post-thumbnail","7":"category-mannheim","8":"tag-autodach","9":"tag-baden-wuerttemberg","10":"tag-de","11":"tag-deutschland","12":"tag-eu","13":"tag-europa","14":"tag-europe","15":"tag-germany","16":"tag-headlines","17":"tag-mannheim","18":"tag-nachrichten","19":"tag-news","20":"tag-polizei","21":"tag-polizeibericht-baden-wuerttemberg","22":"tag-schlagzeilen","23":"tag-schwerverletzt","24":"tag-unfall"},"share_on_mastodon":{"url":"https:\/\/pubeurope.com\/@de\/115382240684277276","error":""},"_links":{"self":[{"href":"https:\/\/www.europesays.com\/de\/wp-json\/wp\/v2\/posts\/502440","targetHints":{"allow":["GET"]}}],"collection":[{"href":"https:\/\/www.europesays.com\/de\/wp-json\/wp\/v2\/posts"}],"about":[{"href":"https:\/\/www.europesays.com\/de\/wp-json\/wp\/v2\/types\/post"}],"author":[{"embeddable":true,"href":"https:\/\/www.europesays.com\/de\/wp-json\/wp\/v2\/users\/2"}],"replies":[{"embeddable":true,"href":"https:\/\/www.europesays.com\/de\/wp-json\/wp\/v2\/comments?post=502440"}],"version-history":[{"count":0,"href":"https:\/\/www.europesays.com\/de\/wp-json\/wp\/v2\/posts\/502440\/revisions"}],"wp:featuredmedia":[{"embeddable":true,"href":"https:\/\/www.europesays.com\/de\/wp-json\/wp\/v2\/media\/502441"}],"wp:attachment":[{"href":"https:\/\/www.europesays.com\/de\/wp-json\/wp\/v2\/media?parent=502440"}],"wp:term":[{"taxonomy":"category","embeddable":true,"href":"https:\/\/www.europesays.com\/de\/wp-json\/wp\/v2\/categories?post=502440"},{"taxonomy":"post_tag","embeddable":true,"href":"https:\/\/www.europesays.com\/de\/wp-json\/wp\/v2\/tags?post=502440"}],"curies":[{"name":"wp","href":"https:\/\/api.w.org\/{rel}","templated":true}]}}