{"id":502448,"date":"2025-10-16T05:44:45","date_gmt":"2025-10-16T05:44:45","guid":{"rendered":"https:\/\/www.europesays.com\/de\/502448\/"},"modified":"2025-10-16T05:44:45","modified_gmt":"2025-10-16T05:44:45","slug":"tatverdaechtige-dealerin-in-haft-radio-bielefeld","status":"publish","type":"post","link":"https:\/\/www.europesays.com\/de\/502448\/","title":{"rendered":"Tatverd\u00e4chtige Dealerin in Haft &#8211; Radio Bielefeld"},"content":{"rendered":"<p>FR \/ Bielefeld \/ Mitte &#8211; Beamte der Sonderkommission Innenstadt haben am Dienstag, 14.10.2025, Kontrollen an der Stadtbahnhaltestelle Hauptbahnhof, der sogenannten &#8222;T\u00fcte&#8220;, durchgef\u00fchrt. Eine Dealerin ging in Untersuchungshaft.<\/p>\n<p>Gegen 11:00 Uhr f\u00fchrten Beamte der Soko Innenstadt Personenkontrollen in der Bielefelder Innenstadt durch. Als sich die Beamten der &#8222;T\u00fcte&#8220; n\u00e4herten, versuchten ein Mann und eine Frau vergeblich zu fl\u00fcchten und wurden kontrolliert. Bei der polizeibekannten Frau, einer 42-J\u00e4hrigen ohne festen Wohnsitz, stie\u00dfen die Beamten auf unterschiedlich portionierte Amphetamine. Die Durchsuchung des Mannes verlief ergebnislos.<\/p>\n<p>In einem Depot der Frau stellten die Polizisten zudem eine Tasche mit einer nicht geringen Menge Amphetaminen sicher.<\/p>\n<p>Da der Verdacht besteht, dass die 42-J\u00e4hrige mit Drogen Handel treibt, wurde sie vorl\u00e4ufig festgenommen. Die Frau mit deutscher Staatsb\u00fcrgerschaft wurde am selben Tag einem Haftrichter des Amtsgerichts Bielefeld vorgef\u00fchrt. Dieser erlie\u00df einen Untersuchungshaftbefehl.<\/p>\n<p>R\u00fcckfragen von Journalisten bitte an:<\/p>\n<p>Polizeipr\u00e4sidium Bielefeld Leitungsstab\/ Presse- und \u00d6ffentlichkeitsarbeit Kurt-Schumacher-Stra\u00dfe 46 33615 Bielefeld<\/p>\n<p>Sonja Rehmert (SR), Tel. 0521\/545-3020 Katja K\u00fcster (KK), Tel. 0521\/545-3195 Sarah Siedschlag (SI), Tel. 0521\/545-3021 Michael K\u00f6tter (MK), Tel. 0521\/545-3022 Hella Christoph (HC), Tel. 0521\/545-3023 Fabian Rickel (FR), Tel. 0521\/545-3024 Caroline Steffen (CS), Tel. 0521\/545-3026 Lukas Reker (LR), Tel. 0521\/545-3222<\/p>\n<p>E-Mail: pressestelle.bielefeld@polizei.nrw.de <a href=\"https:\/\/bielefeld.polizei.nrw\/\" target=\"_blank\" rel=\"noreferrer noopener\">bielefeld.polizei.nrw<\/a><\/p>\n<p>Au\u00dferhalb der B\u00fcrodienstzeit: Leitstelle, Tel. 0521\/545-0<\/p>\n<p> Original-Content von: Polizei Bielefeld, \u00fcbermittelt durch news aktuell<\/p>\n","protected":false},"excerpt":{"rendered":"FR \/ Bielefeld \/ Mitte &#8211; Beamte der Sonderkommission Innenstadt haben am Dienstag, 14.10.2025, Kontrollen an der Stadtbahnhaltestelle&hellip;\n","protected":false},"author":2,"featured_media":362892,"comment_status":"","ping_status":"","sticky":false,"template":"","format":"standard","meta":{"footnotes":""},"categories":[1841],"tags":[1605,3364,29,30,1209,12925],"class_list":{"0":"post-502448","1":"post","2":"type-post","3":"status-publish","4":"format-standard","5":"has-post-thumbnail","7":"category-bielefeld","8":"tag-bielefeld","9":"tag-de","10":"tag-deutschland","11":"tag-germany","12":"tag-nordrhein-westfalen","13":"tag-polizeimeldungen"},"share_on_mastodon":{"url":"https:\/\/pubeurope.com\/@de\/115382259829153604","error":""},"_links":{"self":[{"href":"https:\/\/www.europesays.com\/de\/wp-json\/wp\/v2\/posts\/502448","targetHints":{"allow":["GET"]}}],"collection":[{"href":"https:\/\/www.europesays.com\/de\/wp-json\/wp\/v2\/posts"}],"about":[{"href":"https:\/\/www.europesays.com\/de\/wp-json\/wp\/v2\/types\/post"}],"author":[{"embeddable":true,"href":"https:\/\/www.europesays.com\/de\/wp-json\/wp\/v2\/users\/2"}],"replies":[{"embeddable":true,"href":"https:\/\/www.europesays.com\/de\/wp-json\/wp\/v2\/comments?post=502448"}],"version-history":[{"count":0,"href":"https:\/\/www.europesays.com\/de\/wp-json\/wp\/v2\/posts\/502448\/revisions"}],"wp:featuredmedia":[{"embeddable":true,"href":"https:\/\/www.europesays.com\/de\/wp-json\/wp\/v2\/media\/362892"}],"wp:attachment":[{"href":"https:\/\/www.europesays.com\/de\/wp-json\/wp\/v2\/media?parent=502448"}],"wp:term":[{"taxonomy":"category","embeddable":true,"href":"https:\/\/www.europesays.com\/de\/wp-json\/wp\/v2\/categories?post=502448"},{"taxonomy":"post_tag","embeddable":true,"href":"https:\/\/www.europesays.com\/de\/wp-json\/wp\/v2\/tags?post=502448"}],"curies":[{"name":"wp","href":"https:\/\/api.w.org\/{rel}","templated":true}]}}