{"id":502455,"date":"2025-10-16T05:49:12","date_gmt":"2025-10-16T05:49:12","guid":{"rendered":"https:\/\/www.europesays.com\/de\/502455\/"},"modified":"2025-10-16T05:49:12","modified_gmt":"2025-10-16T05:49:12","slug":"groenemeyer-idee-ki-soll-neue-bochum-spieler-holen-fussball","status":"publish","type":"post","link":"https:\/\/www.europesays.com\/de\/502455\/","title":{"rendered":"Gr\u00f6nemeyer-Idee: KI soll neue Bochum-Spieler holen | Fu\u00dfball"},"content":{"rendered":"<p><b>Wer wird der neue Manager beim VfL Bochum? Wie soll dessen Rolle aussehen? Fragen, die sich beim Tabellen-17. seit der Freistellung von Sport-Gesch\u00e4ftsf\u00fchrer Dirk Dufner (57) am 15. September stellen.<\/b><\/p>\n<p>Zu Beginn war nicht ausgeschlossen, dass ein Gesch\u00e4ftsf\u00fchrer berufen wird. Das w\u00e4re die Aufgabe u.\u00a0a. von Vorstandschef und Aufsichtsrat Andreas Luthe (38). Auch ein Sportdirektor unter der F\u00fchrung von Ilja Kaenzig (52), Sprecher der Gesch\u00e4ftsf\u00fchrung, schien m\u00f6glich. Dann w\u00fcrde die Auswahl in dessen Verantwortung liegen.<\/p>\n<p>Erstmals qualifiziert: Sensation im Video: Mini-Land bei WM dabei!<a class=\"anchor video-teaser__anchor\" href=\"https:\/\/sportbild.bild.de\/fussball\/kap-verde-feiert-historischen-wm-einzug-nach-sieg-68edff55dd2b5af37a7b7045\" rel=\"nofollow noopener\" target=\"_blank\"><img decoding=\"async\" width=\"992\" height=\"558\" alt=\"Kap Verde feiert historischen WM-Einzug nach Sieg\" src=\"https:\/\/www.europesays.com\/de\/wp-content\/uploads\/2025\/10\/1760593751_876_30d2f38554f113dae356a4f8c07e73c8,8f77f811\"   class=\"landscape teaser__image\" loading=\"lazy\"\/><\/a><\/p>\n<p>Quelle: Sportdigital14.10.2025<\/p>\n<p><b>Nur: Im Alltag gibt es in Bochum seit der Vorstandswahl im Juni keine klare Trennung mehr. Das zeigten schon die Trainerwechsel von Dieter Hecking (61) zu David Siebers (38) und dann zu Uwe R\u00f6sler (56) innerhalb von drei Wochen, die Luthe eigenm\u00e4chtig anf\u00fchrte.<\/b><\/p>\n<p>Auf einem vergleichbaren Zick-Zack-Kurs befindet sich die Manager-Suche. Zuletzt hie\u00df es, man strebe eine Team-L\u00f6sung an, die noch nicht klar definiert sei. Sicher ist, dass Simon Zoller (34) eine Rolle spielt und seine Erfahrung als Ex-Profi einbringt. Zudem soll der Einsatz von k\u00fcnstlicher Intelligenz (KI) einen wesentlichen Stellenwert bekommen.<\/p>\n<p><b>Daf\u00fcr steht ein anderer neuer Kontrolleur: Till Gr\u00f6nemeyer (46), Neffe von Musiker Herbert Gr\u00f6nemeyer (69). Der VfL pr\u00fcft eine Partnerschaft mit \u201ePlaier\u201c. Nach Informationen von SPORT BILD w\u00fcrde den Zweitligisten das Basis-Abo pro Jahr weit \u00fcber 100\u2005000 Euro kosten. Extras kommen hinzu. Bei Transfergewinnen f\u00fcr Spieler, die mit der KI ausgesucht wurden, und f\u00fcr Erfolge soll der Anbieter Boni erhalten.<\/b><\/p>\n<p>Mehr zum Thema<\/p>\n<p>Die meisten Profi-Klubs sehen KI als Unterst\u00fctzung an. Beim VfL soll sie bestenfalls Spielen finden, holen, besser machen. Wie ernst es Gr\u00f6nemeyer ist, zeigen folgende Vorg\u00e4nge: Ein Manager-Kandidat war Maximilian Hahn (29), Scouting-Leiter von West Ham in England. St\u00e4rke: Daten-Scouting. Die Verpflichtung scheiterte. Ein Grund waren die Finanzen. Sein aktuelles Gehalt soll weit h\u00f6her als das Budget des Zweitligisten sein. Das soll nach SPORT-BILD-Informationen bei 200\u2005000 Euro liegen.<\/p>\n<p><img decoding=\"async\" width=\"992\" height=\"558\" alt=\"Bochum-Vorstand Till Gr\u00f6nemeyer (r.) mit Ex-Profi Simon Zoller, der beim VfL ins Management eingestiegen ist\" src=\"https:\/\/www.europesays.com\/de\/wp-content\/uploads\/2025\/10\/b8ab609567f2a0713242b690f3c591ac,d7bccbe\"   class=\"landscape\" loading=\"lazy\"\/><\/p>\n<p class=\"fig__caption__text\">Bochum-Vorstand Till Gr\u00f6nemeyer (r.) mit Ex-Profi Simon Zoller, der beim VfL ins Management eingestiegen ist<\/p>\n<p>Foto: ddp\/Revierfoto<\/p>\n<p><b>N\u00e4chster Kandidat ist Bernd Korzynietz (46), Nachwuchs-Scout von Bayer Leverkusen. Gr\u00f6nemeyer soll den Kontakt hergestellt haben. Korzynietz\u2019 Profil hat wenig mit dem von Hahn zu tun. Er ist kein Zahlen-Analyst, sondern nah am Rasen \u2013 Ex-Profi (u.\u00a0a. Gladbach) wie Zoller. Seine St\u00e4rke, f\u00fcr die er bei Bayer gro\u00dfes Ansehen genie\u00dft: Sichtung von Talenten, Gespr\u00e4che mit ihnen und den Eltern, \u00dcberzeugungskraft. Strukturen zu entwickeln und Abl\u00e4ufe zu koordinieren, geh\u00f6rt beim Werksklub nicht zu seinen Kernaufgaben.<\/b><\/p>\n","protected":false},"excerpt":{"rendered":"Wer wird der neue Manager beim VfL Bochum? Wie soll dessen Rolle aussehen? Fragen, die sich beim Tabellen-17.&hellip;\n","protected":false},"author":2,"featured_media":502456,"comment_status":"","ping_status":"","sticky":false,"template":"","format":"standard","meta":{"footnotes":""},"categories":[1839],"tags":[7507,3364,29,30,125685,110579,1209,3856,819,45,8173],"class_list":{"0":"post-502455","1":"post","2":"type-post","3":"status-publish","4":"format-standard","5":"has-post-thumbnail","7":"category-bochum","8":"tag-bochum","9":"tag-de","10":"tag-deutschland","11":"tag-germany","12":"tag-groenemeyer-herbert","13":"tag-luthe-andreas","14":"tag-nordrhein-westfalen","15":"tag-ruhrgebiet","16":"tag-sport-leuchtturm-essen","17":"tag-texttospeech","18":"tag-vfl-bochum"},"share_on_mastodon":{"url":"https:\/\/pubeurope.com\/@de\/115382279741969705","error":""},"_links":{"self":[{"href":"https:\/\/www.europesays.com\/de\/wp-json\/wp\/v2\/posts\/502455","targetHints":{"allow":["GET"]}}],"collection":[{"href":"https:\/\/www.europesays.com\/de\/wp-json\/wp\/v2\/posts"}],"about":[{"href":"https:\/\/www.europesays.com\/de\/wp-json\/wp\/v2\/types\/post"}],"author":[{"embeddable":true,"href":"https:\/\/www.europesays.com\/de\/wp-json\/wp\/v2\/users\/2"}],"replies":[{"embeddable":true,"href":"https:\/\/www.europesays.com\/de\/wp-json\/wp\/v2\/comments?post=502455"}],"version-history":[{"count":0,"href":"https:\/\/www.europesays.com\/de\/wp-json\/wp\/v2\/posts\/502455\/revisions"}],"wp:featuredmedia":[{"embeddable":true,"href":"https:\/\/www.europesays.com\/de\/wp-json\/wp\/v2\/media\/502456"}],"wp:attachment":[{"href":"https:\/\/www.europesays.com\/de\/wp-json\/wp\/v2\/media?parent=502455"}],"wp:term":[{"taxonomy":"category","embeddable":true,"href":"https:\/\/www.europesays.com\/de\/wp-json\/wp\/v2\/categories?post=502455"},{"taxonomy":"post_tag","embeddable":true,"href":"https:\/\/www.europesays.com\/de\/wp-json\/wp\/v2\/tags?post=502455"}],"curies":[{"name":"wp","href":"https:\/\/api.w.org\/{rel}","templated":true}]}}