{"id":50247,"date":"2025-04-21T19:20:11","date_gmt":"2025-04-21T19:20:11","guid":{"rendered":"https:\/\/www.europesays.com\/de\/50247\/"},"modified":"2025-04-21T19:20:11","modified_gmt":"2025-04-21T19:20:11","slug":"stuttgarter-tennis-grand-prix-die-mental-baerenstarke-jelena-ostapenko-gewinnt-den-porsche","status":"publish","type":"post","link":"https:\/\/www.europesays.com\/de\/50247\/","title":{"rendered":"Stuttgarter Tennis Grand Prix: Die mental b\u00e4renstarke Jelena Ostapenko gewinnt den Porsche"},"content":{"rendered":"<p>Mit einem unbeirrbaren Auftritt hat Jelena Ostapenko das Finale des Tennis Grand Prix mit 6:4, 6:1 gegen Aryna Sabalenka gewonnen. F\u00fcr ihre Gegnerin bedeutet dies die vierte Niederlage im vierten Endspiel in Stuttgart.<\/p>\n<p>Als der letzte Ball im <a href=\"https:\/\/www.stuttgarter-zeitung.de\/thema\/Finale\" title=\"Finale\" class=\"art_thema\" target=\"_blank\" rel=\"noopener\">Finale<\/a> des 48. <a href=\"https:\/\/www.stuttgarter-zeitung.de\/thema\/Stuttgart\" title=\"Stuttgart\" class=\"art_thema\" target=\"_blank\" rel=\"noopener\">Stuttgart<\/a>er Tennis Grand Prix gespielt war, da hatte Aryna Sabalenka eine z\u00fcndende Idee: \u201eIch glaube, ich werde mir jetzt einen Porsche bestellen \u2013 sonst wird das nichts mehr mit mir und dem Wagen\u201c, sagte die Nummer eins der Tenniswelt. Schlie\u00dflich hatte die 26-J\u00e4hrige gerade bei ihrer vierten Finalteilnahme in Stuttgart zum vierten Mal verloren. Diesmal vor allem im zweiten Satz ziemlich glatt mit 4:6, 1:6 gegen Jelena Ostapenko.<\/p>\n<p>Der schnittige Sportwagen geht daher neben der Pr\u00e4mie von rund 125\u2009000 Euro f\u00fcr den Turniersieg nach Lettland, der Heimat von Ostapenko, die nicht nur im Finale bewies, dass Tennis zu einem hohen Grad von der mentalen Komponente entschieden wird. Denn w\u00e4hrend die klar favorisierte Sabalenka, die gegen ihre Gegnerin zuvor noch nie verloren hatte, sp\u00e4testens im zweiten Satz mit sich, ihren Schl\u00e4gen und der Tenniswelt zu hadern begann \u2013 und einen Schl\u00e4ger w\u00fctend zertr\u00fcmmerte, blieb ihre Gegnerin Jelena Ostapenko, als Nummer 24 der Weltrangliste der klare Underdog, stets voll fokussiert.<\/p>\n<p>So tat die Lettin, die 2017 als erste ungesetzte Spielerin die French Open gewonnen hatte, auf dem Court vor mit 4200 Fans ausverkauftem Haus zwar nichts au\u00dfergew\u00f6hnlich Spektakul\u00e4res. Vielmehr schaufelte sich die 27-J\u00e4hrige konstant und unbeirrbar durch das Finale. Mal spielte sie druckvolle Longline-B\u00e4lle, mal cross gegen die Laufrichtung ihrer Gegnerin \u2013 und obendrein garnierte sie ihr Spiel mit einem Ass, wenn es n\u00f6tig war. Dazu der Schuss Lockerheit, der sie schon zum Sieg \u00fcber Iga Swiatek, die Nummer zwei der Welt, getragen hatte.<\/p>\n<p>\u201eEs ist ein unheimlich sch\u00f6nes Gef\u00fchl, hier gesiegt zu haben. Und das auch noch gegen Aryna, sie ist ein Champion. Ich wusste, dass hier etwas Gro\u00dfes passieren kann\u201c, sagte Jelena Ostapenko, die bei ihren fr\u00fcheren Teilnahmen in Stuttgart nie \u00fcber das Viertelfinale hinausgekommen war. Nun durfte sie das Siegerauto von der B\u00fchne fahren \u2013 und verriet: \u201eIch fahre gerne schnell.\u201c <\/p>\n<p>Gehobenes Grand-Slam-Niveau <\/p>\n<p>W\u00e4hrend Ostapenko aus dem 630 PS starken Porsche Macan Turbo mit E-Antrieb und der Sonderlackierung Papayametallic winkte, durften sich auch die Macher des Turniers \u00fcber eine gelungene Veranstaltung freuen. 33\u2009000 Fans kamen an den sieben Spieltagen des Hauptfeldes in die Arena \u2013 und sahen zwar einige Favoritinnen-St\u00fcrze, wie jenen der zweifachen Stuttgart-Siegerin Iga Swiatek oder der beiden US-Girls Jessica Pegula und Coco Gauff, doch unter dem Strich standen f\u00fcnf Spielerinnen der Top 6 im Viertelfinale des Tennis Grand Prix 2025. \u201eDas ist gehobenes Grand-Slam-Niveau\u201c, sagte der Turnierdirektor Markus G\u00fcnthardt.<\/p>\n<p>  <img decoding=\"async\" loading=\"lazy\" src=\"https:\/\/www.europesays.com\/de\/wp-content\/uploads\/2025\/04\/media.media.4bda725c-2580-4641-a064-025ba1652924.original1024.media.jpeg\"\/>     Aryna Sabalenka verliert zum vierten Mal das Stuttgarter Finale.    Foto: I\/MAGO\/Michael Weber     <\/p>\n<p>Also wird es auch in Zukunft weitergehen mit Spitzentennis im Neckarpark. Schlie\u00dflich ist die Firma Porsche der Inhaber der Turnier-Lizenz auf der <a href=\"https:\/\/www.stuttgarter-zeitung.de\/thema\/WTA\" title=\"WTA\" class=\"art_thema\" target=\"_blank\" rel=\"noopener\">WTA<\/a>-Tour \u2013 und hegt keine Absichten, mit ihrem Erfolgsturnier aus dem Frauentennis auszusteigen, in das man ja seit 1978 als Sponsor involviert ist. \u201eDie ganze Vorstandschaft war da, die jetzt weitergereist ist nach China zur Schanghai Automesse\u201c, erz\u00e4hlt G\u00fcnthardt, 67, der wie seine Sportliche Leiterin Anke Huber, 50, nicht ans Aufh\u00f6ren denkt.<\/p>\n<p>\u201eMir macht die Aufgabe sehr viel Spa\u00df\u201c, sagt G\u00fcnthardt. Schlie\u00dflich dient das Turnier auch als gesellschaftlicher Treffpunkt zur Kontaktpflege. 3300 Personen wurden in Summe im VIP-Raum bewirtet. Darunter auch der VfB-Vorstandschef Alexander Wehrle, der sich nach dem 4:4-Spektakel bei Union Berlin das Finale des <a href=\"https:\/\/www.stuttgarter-zeitung.de\/thema\/Porsche_Tennis_Grand_Prix\" title=\"Porsche Tennis Grand Prix\" class=\"art_thema\" target=\"_blank\" rel=\"noopener\">Porsche Tennis Grand Prix<\/a> nicht entgehen lie\u00df. Aufgerundete 30\u2009000 Euro an Spende gingen durch die Aktion \u201e100 Euro f\u00fcr ein Ass\u201c an soziale Einrichtungen.<\/p>\n<p>\u201eWir sind sehr happy mit dem Turnierverlauf und stolz, dass wir f\u00fcnf deutsche Spielerinnen im Hauptfeld pr\u00e4sentieren konnten\u201c, sagte Anke Huber zur sportlichen Komponente. Allerdings musste sie ihre s\u00e4mtlichen vier Wildcards einsetzen, um die deutsche Note hochzuhalten. Zudem schl\u00fcpfte Ella Seidel als \u201eLucky Loserin\u201c der Qualifikation ins Hauptfeld. <\/p>\n<p>\u201eWenn du eine lokale Heldin hast, dann ist das von der Stimmung her nat\u00fcrlich noch mal eine ganz andere Nummer\u201c, sagt G\u00fcnthardt \u2013 und denkt an die Zeit zur\u00fcck, als mit Julia G\u00f6rges, zweimal Angelique Kerber und Laura Siegemund vier deutsche Spielerinnen den Titel holten. Eine erste nationale Delle hatte es gegeben, als nach dem zweiten Turniersieg von Anke Huber 1994 lange nichts mehr kam. \u201eSo ein Tal erleben wir jetzt wieder\u201c, sagt Huber. Doch die ehemalige Nummer vier der Welt ist sich sicher, dass \u201ewir im deutschen Frauentennis bald wieder bessere Zeiten erleben. Das Potenzial dazu ist da.\u201c<\/p>\n","protected":false},"excerpt":{"rendered":"Mit einem unbeirrbaren Auftritt hat Jelena Ostapenko das Finale des Tennis Grand Prix mit 6:4, 6:1 gegen Aryna&hellip;\n","protected":false},"author":2,"featured_media":50248,"comment_status":"","ping_status":"","sticky":false,"template":"","format":"standard","meta":{"footnotes":""},"categories":[1830],"tags":[24146,1634,3364,29,2665,30,20800,20638,7400,1441,19031],"class_list":{"0":"post-50247","1":"post","2":"type-post","3":"status-publish","4":"format-standard","5":"has-post-thumbnail","7":"category-stuttgart","8":"tag-aryna-sabalenko","9":"tag-baden-wuerttemberg","10":"tag-de","11":"tag-deutschland","12":"tag-finale","13":"tag-germany","14":"tag-jelena-ostapenko","15":"tag-porsche-tennis-grand-prix","16":"tag-sportmeldungen","17":"tag-stuttgart","18":"tag-wta"},"share_on_mastodon":{"url":"https:\/\/pubeurope.com\/@de\/114377577258269468","error":""},"_links":{"self":[{"href":"https:\/\/www.europesays.com\/de\/wp-json\/wp\/v2\/posts\/50247","targetHints":{"allow":["GET"]}}],"collection":[{"href":"https:\/\/www.europesays.com\/de\/wp-json\/wp\/v2\/posts"}],"about":[{"href":"https:\/\/www.europesays.com\/de\/wp-json\/wp\/v2\/types\/post"}],"author":[{"embeddable":true,"href":"https:\/\/www.europesays.com\/de\/wp-json\/wp\/v2\/users\/2"}],"replies":[{"embeddable":true,"href":"https:\/\/www.europesays.com\/de\/wp-json\/wp\/v2\/comments?post=50247"}],"version-history":[{"count":0,"href":"https:\/\/www.europesays.com\/de\/wp-json\/wp\/v2\/posts\/50247\/revisions"}],"wp:featuredmedia":[{"embeddable":true,"href":"https:\/\/www.europesays.com\/de\/wp-json\/wp\/v2\/media\/50248"}],"wp:attachment":[{"href":"https:\/\/www.europesays.com\/de\/wp-json\/wp\/v2\/media?parent=50247"}],"wp:term":[{"taxonomy":"category","embeddable":true,"href":"https:\/\/www.europesays.com\/de\/wp-json\/wp\/v2\/categories?post=50247"},{"taxonomy":"post_tag","embeddable":true,"href":"https:\/\/www.europesays.com\/de\/wp-json\/wp\/v2\/tags?post=50247"}],"curies":[{"name":"wp","href":"https:\/\/api.w.org\/{rel}","templated":true}]}}