{"id":502478,"date":"2025-10-16T06:01:11","date_gmt":"2025-10-16T06:01:11","guid":{"rendered":"https:\/\/www.europesays.com\/de\/502478\/"},"modified":"2025-10-16T06:01:11","modified_gmt":"2025-10-16T06:01:11","slug":"neuer-vorstand-am-universitaetsklinikum-bonn","status":"publish","type":"post","link":"https:\/\/www.europesays.com\/de\/502478\/","title":{"rendered":"Neuer Vorstand am Universit\u00e4tsklinikum Bonn"},"content":{"rendered":"<p><strong>Zum 1. November \u00fcbernimmt Prof. Uwe Reuter die Leitung des Universit\u00e4tsklinikums Bonn (UKB) als Vorstandsvorsitzender und \u00c4rztlicher Direktor.\u00a0<\/strong><\/p>\n<p>Reuter ist Neurologe und verf\u00fcgt \u00fcber langj\u00e4hrige Erfahrung in Klinik, Lehre und Management. Er studierte Humanmedizin in Mainz und Berlin, promovierte 1996 und war unter anderem zwischen 1999 und 2001 in Boston t\u00e4tig. In Deutschland leitete er verschiedene Kliniken an der Charit\u00e9 Universit\u00e4tsmedizin Berlin und war zuletzt \u00c4rztlicher Vorstand und Vorstandsvorsitzender der Universit\u00e4tsmedizin Greifswald.<\/p>\n<p>\u201eIch freue mich sehr \u00fcber das Vertrauen, das mir entgegengebracht wird. Das UKB ist ein Spitzenstandort in Forschung, Lehre und Versorgung \u2013 die Herausforderungen sind gro\u00df und vielgestaltig, aber auch die Chancen. Mein Ziel ist es, die exzellente interdisziplin\u00e4re Zusammenarbeit weiter auszubauen und das Klinikum f\u00fcr Patientinnen und Patienten als auch f\u00fcr Mitarbeiterinnen und Mitarbeiter zukunftsfest zu gestalten\u201c, erkl\u00e4rte Reuter.<\/p>\n<p>Prof. Heinz Reichmann, Vorsitzender des Aufsichtsrates des UKB, erg\u00e4nzt: \u201eMit Prof. Reuter gewinnen wir eine Pers\u00f6nlichkeit, die sowohl wissenschaftlich als auch klinisch \u00fcberzeugt und \u00fcber tiefgehende F\u00fchrungserfahrung verf\u00fcgt. Ich bin \u00fcberzeugt, dass er dem UKB wichtige Impulse geben wird, um in einem komplexen gesundheitspolitischen Umfeld erfolgreich zu sein.\u201c<\/p>\n<p>Mit Reuters Amtsantritt wird Prof. Bernd Weber sich wieder auf seine T\u00e4tigkeit als Dekan der medizinischen Fakult\u00e4t konzentrieren. Prof. Alexandra Philipsen, zurzeit kommissarische \u00c4rztliche Direktorin, \u00fcbernimmt wieder die Position der stellvertretenden \u00c4rztlichen Direktorin. Alexander Pr\u00f6bstl ist weiterhin Pflegedirektor, und Clemens Platzk\u00f6ster kaufm\u00e4nnischer Direktor und stellvertretender Vorstandsvorsitzender.<\/p>\n","protected":false},"excerpt":{"rendered":"Zum 1. November \u00fcbernimmt Prof. Uwe Reuter die Leitung des Universit\u00e4tsklinikums Bonn (UKB) als Vorstandsvorsitzender und \u00c4rztlicher Direktor.\u00a0&hellip;\n","protected":false},"author":2,"featured_media":502479,"comment_status":"","ping_status":"","sticky":false,"template":"","format":"standard","meta":{"footnotes":""},"categories":[1842],"tags":[1741,3364,29,30,1209,32340],"class_list":{"0":"post-502478","1":"post","2":"type-post","3":"status-publish","4":"format-standard","5":"has-post-thumbnail","7":"category-bonn","8":"tag-bonn","9":"tag-de","10":"tag-deutschland","11":"tag-germany","12":"tag-nordrhein-westfalen","13":"tag-universitaetsklinikum-bonn"},"share_on_mastodon":{"url":"https:\/\/pubeurope.com\/@de\/115382326795676227","error":""},"_links":{"self":[{"href":"https:\/\/www.europesays.com\/de\/wp-json\/wp\/v2\/posts\/502478","targetHints":{"allow":["GET"]}}],"collection":[{"href":"https:\/\/www.europesays.com\/de\/wp-json\/wp\/v2\/posts"}],"about":[{"href":"https:\/\/www.europesays.com\/de\/wp-json\/wp\/v2\/types\/post"}],"author":[{"embeddable":true,"href":"https:\/\/www.europesays.com\/de\/wp-json\/wp\/v2\/users\/2"}],"replies":[{"embeddable":true,"href":"https:\/\/www.europesays.com\/de\/wp-json\/wp\/v2\/comments?post=502478"}],"version-history":[{"count":0,"href":"https:\/\/www.europesays.com\/de\/wp-json\/wp\/v2\/posts\/502478\/revisions"}],"wp:featuredmedia":[{"embeddable":true,"href":"https:\/\/www.europesays.com\/de\/wp-json\/wp\/v2\/media\/502479"}],"wp:attachment":[{"href":"https:\/\/www.europesays.com\/de\/wp-json\/wp\/v2\/media?parent=502478"}],"wp:term":[{"taxonomy":"category","embeddable":true,"href":"https:\/\/www.europesays.com\/de\/wp-json\/wp\/v2\/categories?post=502478"},{"taxonomy":"post_tag","embeddable":true,"href":"https:\/\/www.europesays.com\/de\/wp-json\/wp\/v2\/tags?post=502478"}],"curies":[{"name":"wp","href":"https:\/\/api.w.org\/{rel}","templated":true}]}}