{"id":502487,"date":"2025-10-16T06:06:15","date_gmt":"2025-10-16T06:06:15","guid":{"rendered":"https:\/\/www.europesays.com\/de\/502487\/"},"modified":"2025-10-16T06:06:15","modified_gmt":"2025-10-16T06:06:15","slug":"bischoefin-fehrs-wehrdienst-und-friedensdienst-zusammendenken","status":"publish","type":"post","link":"https:\/\/www.europesays.com\/de\/502487\/","title":{"rendered":"Bisch\u00f6fin Fehrs: \u201eWehrdienst und Friedensdienst zusammendenken\u201c"},"content":{"rendered":"<p class=\"date\">16.10.2025 \u2013 07:00<\/p>\n<p class=\"customer\">\n                        <a class=\"story-customer\" title=\"weiter zum newsroom von EKD - Evangelische Kirche in Deutschland\" href=\"https:\/\/www.presseportal.de\/nr\/55310\" target=\"_blank\" rel=\"noopener\">EKD &#8211; Evangelische Kirche in Deutschland<\/a>\n                    <\/p>\n<p><a data-category=\"citylink-story-view\" data-action=\"click\" data-label=\"Citylink in Meldungsansicht\" class=\"story-city event-trigger\" href=\"https:\/\/www.presseportal.de\/regional\/Hannover\" title=\"News aus Hannover \" target=\"_blank\" rel=\"noopener\">Hannover<\/a> (ots)<\/p>\n<ul class=\"naxml-ul\">\n<li>Evangelische Kirche meldet sich in Wehrdienst-Debatte zu Wort.<\/li>\n<li>Sicherheit ist gesellschaftlich mehr als eine milit\u00e4rische Aufgabe.<\/li>\n<li>EKD: \u201eSo viel Freiwilligkeit wie irgend m\u00f6glich.\u201c<\/li>\n<\/ul>\n<p>Hannover, 16. Oktober. Die Evangelische Kirche in Deutschland (EKD) fordert anl\u00e4sslich der Bundestagsdebatte \u00fcber den Wehrdienst eine breite Perspektive auf Sicherheit und gesellschaftlichen Zusammenhalt. Sicherheit d\u00fcrfe nicht auf milit\u00e4rische Verteidigungsf\u00e4higkeit reduziert werden. Alle freiwilligen Dienste, die zur St\u00e4rkung der Gemeinschaft beitragen, seien unverzichtbar.<\/p>\n<p>\u201eViele junge Menschen haben Sorgen, was die Neuaufstellung des Wehrdienstes f\u00fcr sie pers\u00f6nlich bedeutet. Zugleich sind viele bereit, sich zu engagieren \u2013 in Freiwilligendiensten, in Pflege, Katastrophenschutz oder digitaler Sicherheit\u201c, so die EKD-Ratsvorsitzende Bisch\u00f6fin Kirsten Fehrs. \u201eEin kluges Gesetz muss beides ernst nehmen: ihre Besorgnis und ihr Engagement. Deshalb sind Wehrdienst und Friedensdienst zusammenzudenken.\u201c<\/p>\n<p>Ein moderner Staat brauche Menschen, die in ganz unterschiedlicher Weise bereit sind, gesellschaftliche Verantwortung zu \u00fcbernehmen. Engagement wachse aber am besten dort, wo pers\u00f6nliche \u00dcberzeugung st\u00e4rker z\u00e4hlt als Pflicht: \u201eWer sich an geeigneter Stelle freiwillig f\u00fcr andere einsetzt, st\u00e4rkt das Gemeinwesen nachhaltiger als jeder, der dazu verpflichtet wurde\u201c, so Fehrs.<\/p>\n<p>Die EKD unterstreicht die Notwendigkeit, den Wehrdienst angesichts ver\u00e4nderter sicherheitspolitischer Herausforderungen auszubauen. Dabei m\u00fcsse der Grundsatz gelten: \u201eSo viel Freiwilligkeit wie irgend m\u00f6glich.\u201c In diesem Zusammenhang erneuert die evangelische Kirche ihre Forderung nach einem \u201eRecht auf Freiwilligendienst\u201c, das den vielf\u00e4ltigen F\u00e4higkeiten und Lebenssituationen junger Menschen gerecht werde.<\/p>\n<p>Die EKD hat eine neue Friedensdenkschrift angek\u00fcndigt, die am 10. November in Dresden im Rahmen der Synodentagung ver\u00f6ffentlicht wird. Sie umrei\u00dft ausf\u00fchrlich den theologischen und ethischen Rahmen, in dem die aktuellen Fragen von Wehrdienst, Sicherheit und Frieden eingeordnet werden.<\/p>\n<p>Weitere Informationen zur Friedensarbeit unter  <a target=\"_blank\" class=\"uri-ext outbound\" rel=\"noopener\" href=\"http:\/\/www.ekd.de\/frieden\">www.ekd.de\/frieden<\/a>.<\/p>\n<p>Pressestelle der EKD<\/p>\n<p>Carsten Splitt<\/p>\n<p class=\"contact-headline\">Pressekontakt:<\/p>\n<p class=\"contact-text\">Carsten Splitt<br \/>Evangelische Kirche in Deutschland<br \/>Pressestelle<br \/>Stabsstelle Kommunikation<br \/>Herrenh\u00e4user Strasse 12<br \/>D-30419 Hannover<br \/>Telefon: 0511 &#8211; 2796 &#8211; 269<br \/>E-Mail: <a href=\"https:\/\/www.presseportal.de\/pm\/55310\/mailto: presse@ekd.de\" class=\"uri-mailto\" target=\"_blank\" rel=\"noopener\"> presse@ekd.de<\/a><\/p>\n<p class=\"originator\">Original-Content von: EKD &#8211; Evangelische Kirche in Deutschland, \u00fcbermittelt durch news aktuell<\/p>\n","protected":false},"excerpt":{"rendered":"16.10.2025 \u2013 07:00 EKD &#8211; Evangelische Kirche in Deutschland Hannover (ots) Evangelische Kirche meldet sich in Wehrdienst-Debatte zu&hellip;\n","protected":false},"author":2,"featured_media":386213,"comment_status":"","ping_status":"","sticky":false,"template":"","format":"standard","meta":{"footnotes":""},"categories":[1836],"tags":[3274,1140,6800,752,3364,29,553,30,15054,46,14623,1722,1411,178,180,179,181,575,6583,1458],"class_list":{"0":"post-502487","1":"post","2":"type-post","3":"status-publish","4":"format-standard","5":"has-post-thumbnail","7":"category-hannover","8":"tag-kirche","9":"tag-arbeit","10":"tag-auenpolitik","11":"tag-bildung","12":"tag-de","13":"tag-deutschland","14":"tag-familie","15":"tag-germany","16":"tag-glaube","17":"tag-hannover","18":"tag-innenpolitik","19":"tag-jugendliche","20":"tag-niedersachsen","21":"tag-presse","22":"tag-pressemeldung","23":"tag-pressemitteilung","24":"tag-pressemitteilungen","25":"tag-religion","26":"tag-senioren","27":"tag-soziales"},"share_on_mastodon":{"url":"https:\/\/pubeurope.com\/@de\/115382346365555914","error":""},"_links":{"self":[{"href":"https:\/\/www.europesays.com\/de\/wp-json\/wp\/v2\/posts\/502487","targetHints":{"allow":["GET"]}}],"collection":[{"href":"https:\/\/www.europesays.com\/de\/wp-json\/wp\/v2\/posts"}],"about":[{"href":"https:\/\/www.europesays.com\/de\/wp-json\/wp\/v2\/types\/post"}],"author":[{"embeddable":true,"href":"https:\/\/www.europesays.com\/de\/wp-json\/wp\/v2\/users\/2"}],"replies":[{"embeddable":true,"href":"https:\/\/www.europesays.com\/de\/wp-json\/wp\/v2\/comments?post=502487"}],"version-history":[{"count":0,"href":"https:\/\/www.europesays.com\/de\/wp-json\/wp\/v2\/posts\/502487\/revisions"}],"wp:featuredmedia":[{"embeddable":true,"href":"https:\/\/www.europesays.com\/de\/wp-json\/wp\/v2\/media\/386213"}],"wp:attachment":[{"href":"https:\/\/www.europesays.com\/de\/wp-json\/wp\/v2\/media?parent=502487"}],"wp:term":[{"taxonomy":"category","embeddable":true,"href":"https:\/\/www.europesays.com\/de\/wp-json\/wp\/v2\/categories?post=502487"},{"taxonomy":"post_tag","embeddable":true,"href":"https:\/\/www.europesays.com\/de\/wp-json\/wp\/v2\/tags?post=502487"}],"curies":[{"name":"wp","href":"https:\/\/api.w.org\/{rel}","templated":true}]}}