{"id":502494,"date":"2025-10-16T06:10:10","date_gmt":"2025-10-16T06:10:10","guid":{"rendered":"https:\/\/www.europesays.com\/de\/502494\/"},"modified":"2025-10-16T06:10:10","modified_gmt":"2025-10-16T06:10:10","slug":"niedersachsen-bremen-milder-herbst-sonne-und-wolken-am-wochenende","status":"publish","type":"post","link":"https:\/\/www.europesays.com\/de\/502494\/","title":{"rendered":"Niedersachsen &#038; Bremen: Milder Herbst \u2013 Sonne und Wolken am Wochenende"},"content":{"rendered":"<p>                    Niedersachsen &amp; Bremen<br \/>\n                Milder Herbst \u2013 Sonne und Wolken am Wochenende<\/p>\n<p>\t\t\t\t              16.10.2025, 07:11 Uhr<\/p>\n<p><strong>Milde Tage und frische N\u00e4chte: Das Wochenende bringt trockenes Wetter und einen Wechsel aus Sonne und Wolken nach Niedersachsen und Bremen.<\/strong><\/p>\n<p>Hannover (dpa\/lni) &#8211; Der Herbst zeigt sich in Niedersachsen und Bremen von seiner milden Seite. Laut dem Deutschen Wetterdienst (DWD) bleibt es im Tagesverlauf \u00fcberwiegend wolkig, vereinzelt f\u00e4llt etwas Regen. Die Temperaturen erreichen H\u00f6chstwerte zwischen 14 und 16 Grad. Der Wind weht schwach, an der K\u00fcste teils frisch.\u00a0<\/p>\n<p>In der Nacht zu Freitag bleibt es stark bew\u00f6lkt, zeitweise kann etwas Regen fallen. Die Temperaturen sinken auf etwa 12 Grad auf den Inseln und rund 8 Grad im Binnenland, im Bergland \u00f6rtlich bis 5 Grad.<\/p>\n<p>Am Freitag bleibt es \u00fcberwiegend bew\u00f6lkt, es sind Schauer m\u00f6glich. Im Norden kann es zeitweise auflockern bei Temperaturen zwischen 12 und 14 Grad. Der Wind weht schwach bis m\u00e4\u00dfig, auf den Inseln teils frisch und b\u00f6ig. In der Nacht zu Samstag lockert die Bew\u00f6lkung zunehmend auf, teils wird es klar. Die Tiefstwerte liegen bei rund 8 Grad auf den Inseln, etwa 4 Grad an der K\u00fcste und bis zu 2 Grad im Binnenland. Es ist leichter Bodenfrost m\u00f6glich.<\/p>\n<p>Freundliches Herbstwetter am Wochenende<\/p>\n<p>Am Samstag erwartet die Menschen ein freundlicher Wechsel aus Sonne und Wolken, es bleibt trocken. Laut DWD steigen die Temperaturen auf 10 bis 12 Grad, im Oberharz auf etwa 9 Grad bei schwachem Wind. In der Nacht zu Sonntag bleibt es \u00fcberwiegend bew\u00f6lkt. Die Temperaturen sinken auf rund 7 Grad auf den Inseln, etwa 3 Grad in Ostfriesland und bis minus 2 Grad im Wendland.<\/p>\n<p>Am Sonntag wechseln Sonne und dichte Wolken einander ab, es bleibt trocken. Die H\u00f6chstwerte liegen zwischen 10 und 12 Grad. Der Wind weht schwach, auf den Inseln m\u00e4\u00dfig bis frisch.<\/p>\n","protected":false},"excerpt":{"rendered":"Niedersachsen &amp; Bremen Milder Herbst \u2013 Sonne und Wolken am Wochenende 16.10.2025, 07:11 Uhr Milde Tage und frische&hellip;\n","protected":false},"author":2,"featured_media":502495,"comment_status":"","ping_status":"","sticky":false,"template":"","format":"standard","meta":{"footnotes":""},"categories":[1824],"tags":[2420,3364,29,30,851,64046,1411,4747,4749,26455],"class_list":{"0":"post-502494","1":"post","2":"type-post","3":"status-publish","4":"format-standard","5":"has-post-thumbnail","7":"category-bremen","8":"tag-bremen","9":"tag-de","10":"tag-deutschland","11":"tag-germany","12":"tag-herbst","13":"tag-milder","14":"tag-niedersachsen","15":"tag-sonne","16":"tag-wochenende","17":"tag-wolken"},"share_on_mastodon":{"url":"https:\/\/pubeurope.com\/@de\/115382362013635767","error":""},"_links":{"self":[{"href":"https:\/\/www.europesays.com\/de\/wp-json\/wp\/v2\/posts\/502494","targetHints":{"allow":["GET"]}}],"collection":[{"href":"https:\/\/www.europesays.com\/de\/wp-json\/wp\/v2\/posts"}],"about":[{"href":"https:\/\/www.europesays.com\/de\/wp-json\/wp\/v2\/types\/post"}],"author":[{"embeddable":true,"href":"https:\/\/www.europesays.com\/de\/wp-json\/wp\/v2\/users\/2"}],"replies":[{"embeddable":true,"href":"https:\/\/www.europesays.com\/de\/wp-json\/wp\/v2\/comments?post=502494"}],"version-history":[{"count":0,"href":"https:\/\/www.europesays.com\/de\/wp-json\/wp\/v2\/posts\/502494\/revisions"}],"wp:featuredmedia":[{"embeddable":true,"href":"https:\/\/www.europesays.com\/de\/wp-json\/wp\/v2\/media\/502495"}],"wp:attachment":[{"href":"https:\/\/www.europesays.com\/de\/wp-json\/wp\/v2\/media?parent=502494"}],"wp:term":[{"taxonomy":"category","embeddable":true,"href":"https:\/\/www.europesays.com\/de\/wp-json\/wp\/v2\/categories?post=502494"},{"taxonomy":"post_tag","embeddable":true,"href":"https:\/\/www.europesays.com\/de\/wp-json\/wp\/v2\/tags?post=502494"}],"curies":[{"name":"wp","href":"https:\/\/api.w.org\/{rel}","templated":true}]}}