{"id":502497,"date":"2025-10-16T06:12:17","date_gmt":"2025-10-16T06:12:17","guid":{"rendered":"https:\/\/www.europesays.com\/de\/502497\/"},"modified":"2025-10-16T06:12:17","modified_gmt":"2025-10-16T06:12:17","slug":"probleme-im-berufsverkehr-in-gelsenkirchen","status":"publish","type":"post","link":"https:\/\/www.europesays.com\/de\/502497\/","title":{"rendered":"Probleme im Berufsverkehr in Gelsenkirchen"},"content":{"rendered":"<ul>\n<li><strong>Oberleitungen sind abgerissen <\/strong><\/li>\n<li><strong>Sperrung bis ca. 09:00 Uhr <\/strong><\/li>\n<\/ul>\n<p>Gegen kurz nach 07:00 Uhr kam der Verkehrshinweis der Polizei Gelsenkirchen: Einige Sperrungen in Buer und teils volle Stra\u00dfen. Auf der Horster Stra\u00dfe sind laut Polizei zwei Stra\u00dfenbahnen in einer kurve nebeneinander hergefahren und dabei sind die Oberleitungen abgerissen. Die Bahnen der Linie 301 sind stehen geblieben, die Polizei musste die Stra\u00dfen drumherum sperren. Auf der Horster Stra\u00dfe kommt ihr zwischen der Rottmannsiepe und der Kreuzung Kurt-Schumacher-Stra\u00dfe \/ H\u00f6lscher Stra\u00dfe aktuell nicht durch. Laut Polizei soll der Abschnitt noch bis ca. 09:00 Uhr gesperrt bleiben.<\/p>\n","protected":false},"excerpt":{"rendered":"Oberleitungen sind abgerissen Sperrung bis ca. 09:00 Uhr Gegen kurz nach 07:00 Uhr kam der Verkehrshinweis der Polizei&hellip;\n","protected":false},"author":2,"featured_media":181055,"comment_status":"","ping_status":"","sticky":false,"template":"","format":"standard","meta":{"footnotes":""},"categories":[1834],"tags":[17439,22621,3364,29,3688,30,1209,2228,121,2224,12923],"class_list":{"0":"post-502497","1":"post","2":"type-post","3":"status-publish","4":"format-standard","5":"has-post-thumbnail","7":"category-essen","8":"tag-straensperrung","9":"tag-berufsverkehr","10":"tag-de","11":"tag-deutschland","12":"tag-essen","13":"tag-germany","14":"tag-nordrhein-westfalen","15":"tag-oberleitung","16":"tag-polizei","17":"tag-sperrung","18":"tag-straenbahn"},"share_on_mastodon":{"url":"https:\/\/pubeurope.com\/@de\/115382369947409233","error":""},"_links":{"self":[{"href":"https:\/\/www.europesays.com\/de\/wp-json\/wp\/v2\/posts\/502497","targetHints":{"allow":["GET"]}}],"collection":[{"href":"https:\/\/www.europesays.com\/de\/wp-json\/wp\/v2\/posts"}],"about":[{"href":"https:\/\/www.europesays.com\/de\/wp-json\/wp\/v2\/types\/post"}],"author":[{"embeddable":true,"href":"https:\/\/www.europesays.com\/de\/wp-json\/wp\/v2\/users\/2"}],"replies":[{"embeddable":true,"href":"https:\/\/www.europesays.com\/de\/wp-json\/wp\/v2\/comments?post=502497"}],"version-history":[{"count":0,"href":"https:\/\/www.europesays.com\/de\/wp-json\/wp\/v2\/posts\/502497\/revisions"}],"wp:featuredmedia":[{"embeddable":true,"href":"https:\/\/www.europesays.com\/de\/wp-json\/wp\/v2\/media\/181055"}],"wp:attachment":[{"href":"https:\/\/www.europesays.com\/de\/wp-json\/wp\/v2\/media?parent=502497"}],"wp:term":[{"taxonomy":"category","embeddable":true,"href":"https:\/\/www.europesays.com\/de\/wp-json\/wp\/v2\/categories?post=502497"},{"taxonomy":"post_tag","embeddable":true,"href":"https:\/\/www.europesays.com\/de\/wp-json\/wp\/v2\/tags?post=502497"}],"curies":[{"name":"wp","href":"https:\/\/api.w.org\/{rel}","templated":true}]}}