{"id":502498,"date":"2025-10-16T06:13:15","date_gmt":"2025-10-16T06:13:15","guid":{"rendered":"https:\/\/www.europesays.com\/de\/502498\/"},"modified":"2025-10-16T06:13:15","modified_gmt":"2025-10-16T06:13:15","slug":"preise-fuer-essen-und-getraenke-2025-im-ueberblick","status":"publish","type":"post","link":"https:\/\/www.europesays.com\/de\/502498\/","title":{"rendered":"Preise f\u00fcr Essen und Getr\u00e4nke 2025 im \u00dcberblick"},"content":{"rendered":"<p class=\"text-18 leading-17\">\u00dcber die Messehallen verteilt gibt es zahlreiche Caf\u00e9s, betrieben vom selben Cateringunternehmen. Die hei\u00dfen etwa Caf\u00e9 Orange, Vanille oder auch Aubergine. Sandwiches gibt es dort f\u00fcr 8,50 Euro. F\u00fcr einen Kaffee werden 3,50 Euro f\u00e4llig, f\u00fcr einen Espresso 2,50. Kleine Softdrink-Flaschen (0,3 Liter) kosten satte 5 Euro, Wasser f\u00fcnf Euro. G\u00fcnstiger geht es in den Minim\u00e4rkten in den jeweiligen Hallen: Wasser gibt\u2019s dort f\u00fcr 2,45 Euro pro halben Liter, Softdrinks f\u00fcr 2,65.<\/p>\n<p class=\"text-18 leading-17\">Spartipp: F\u00fcr Wasser braucht man gar nichts auszugeben, wenn man seine Flasche an einem der Trinkwasserspender auf der Agora auff\u00fcllt.<\/p>\n","protected":false},"excerpt":{"rendered":"\u00dcber die Messehallen verteilt gibt es zahlreiche Caf\u00e9s, betrieben vom selben Cateringunternehmen. Die hei\u00dfen etwa Caf\u00e9 Orange, Vanille&hellip;\n","protected":false},"author":2,"featured_media":502499,"comment_status":"","ping_status":"","sticky":false,"template":"","format":"standard","meta":{"footnotes":""},"categories":[1834],"tags":[3092,12612,3364,29,3688,21407,2051,53122,30,1209,1598],"class_list":{"0":"post-502498","1":"post","2":"type-post","3":"status-publish","4":"format-standard","5":"has-post-thumbnail","7":"category-essen","8":"tag-3092","9":"tag-buerger","10":"tag-de","11":"tag-deutschland","12":"tag-essen","13":"tag-foodtruck","14":"tag-frankfurt-am-main","15":"tag-frankfurter-buchmesse","16":"tag-germany","17":"tag-nordrhein-westfalen","18":"tag-restaurant"},"share_on_mastodon":{"url":"https:\/\/pubeurope.com\/@de\/115382373911193166","error":""},"_links":{"self":[{"href":"https:\/\/www.europesays.com\/de\/wp-json\/wp\/v2\/posts\/502498","targetHints":{"allow":["GET"]}}],"collection":[{"href":"https:\/\/www.europesays.com\/de\/wp-json\/wp\/v2\/posts"}],"about":[{"href":"https:\/\/www.europesays.com\/de\/wp-json\/wp\/v2\/types\/post"}],"author":[{"embeddable":true,"href":"https:\/\/www.europesays.com\/de\/wp-json\/wp\/v2\/users\/2"}],"replies":[{"embeddable":true,"href":"https:\/\/www.europesays.com\/de\/wp-json\/wp\/v2\/comments?post=502498"}],"version-history":[{"count":0,"href":"https:\/\/www.europesays.com\/de\/wp-json\/wp\/v2\/posts\/502498\/revisions"}],"wp:featuredmedia":[{"embeddable":true,"href":"https:\/\/www.europesays.com\/de\/wp-json\/wp\/v2\/media\/502499"}],"wp:attachment":[{"href":"https:\/\/www.europesays.com\/de\/wp-json\/wp\/v2\/media?parent=502498"}],"wp:term":[{"taxonomy":"category","embeddable":true,"href":"https:\/\/www.europesays.com\/de\/wp-json\/wp\/v2\/categories?post=502498"},{"taxonomy":"post_tag","embeddable":true,"href":"https:\/\/www.europesays.com\/de\/wp-json\/wp\/v2\/tags?post=502498"}],"curies":[{"name":"wp","href":"https:\/\/api.w.org\/{rel}","templated":true}]}}