{"id":502507,"date":"2025-10-16T06:18:11","date_gmt":"2025-10-16T06:18:11","guid":{"rendered":"https:\/\/www.europesays.com\/de\/502507\/"},"modified":"2025-10-16T06:18:11","modified_gmt":"2025-10-16T06:18:11","slug":"u79-ersatzbusse-sanierung-antenne-duesseldorf","status":"publish","type":"post","link":"https:\/\/www.europesays.com\/de\/502507\/","title":{"rendered":"U79: Ersatzbusse &#038; Sanierung &#8211; Antenne D\u00fcsseldorf"},"content":{"rendered":"<p class=\"small date article__date\">Ver\u00f6ffentlicht:\u00a0Donnerstag, 16.10.2025 06:07<\/p>\n<p>Die Asbestsanierung im <a href=\"https:\/\/de.wikipedia.org\/wiki\/U-Bahnhof_Nordstra%C3%9Fe\" rel=\"noopener noreferrer\" target=\"_blank\">U-Bahnhof Nordstra\u00dfe<\/a> geht in die n\u00e4chste Phase. Bis November wird im Bereich der U-Bahn-Schienen gearbeitet. Deshalb fahren ab Montag, 20. Oktober 2025, zwischen der Altstadt und Stockum in mehreren N\u00e4chten <a href=\"https:\/\/www.rheinbahn.de\/Aenderungen_Stadtbahnlinien_U78_U79\" rel=\"noopener noreferrer\" target=\"_blank\">Ersatzbusse<\/a> auf der U79.<\/p>\n<p><img decoding=\"async\" alt=\"Im Rahmen der Asbestsanierung der U-Bahn-Haltestelle &quot;Nordstra\u00dfe&quot; wurde eine luftdichte Abtrennung an den Bahnsteigen installiert.\" src=\"https:\/\/www.europesays.com\/de\/wp-content\/uploads\/2025\/10\/u-bahnhof-nordstrasse--asbestsanierung-2.jpg&#038;crop=0x128x2048x1280&#038;resize=1280x800&#038;dt=202509180653250.jpeg\" data-size=\"1280x800\"\/>\u00a9 Landeshauptstadt D\u00fcsseldorf, Amt f\u00fcr Br\u00fccken-, Tunnel- und StadtbahnbauN\u00e4chtliche Streckensperrungen<\/p>\n<p>Die Sperrungen gelten zwei Wochen lang von Montag bis Donnerstag, jeweils zwischen 21 Uhr und 3.30 Uhr. Eine Ausnahme gibt es am 29. Oktober. Dann gibt es wegen des DFB-Pokal-Fu\u00dfballspiels keine Einschr\u00e4nkungen<\/p>\n<p>N\u00e4chste Arbeitsschritte im U-Bahnhof Nordstra\u00dfe<\/p>\n<p>In der Zeit der Sperrungen wird im U-Bahnhof die Abschottung wieder abgebaut, die wir dort zuletzt bei der Durchfahrt gesehen haben. Sie wird Ende Oktober mit Loren abtransportiert. <\/p>\n<p>Weitere Sanierungsarbeiten und Modernisierung geplant<\/p>\n<p>Im Dezember folgt die Asbestsanierung der s\u00fcdlichen Verteilerbene, w\u00e4hrend die Arbeiten auf der n\u00f6rdlichen Ebene bereits abgeschlossen sind. Im n\u00e4chsten Jahr steht die Modernisierung des Brandschutzes im U-Bahnhof Nordstra\u00dfe an.<\/p>\n<p>Weitere Infos und Links zum Thema: <\/p>\n<p><a href=\"https:\/\/www.duesseldorf.de\/medienportal\/pressedienst-einzelansicht\/pld\/sanierung-der-u-bahn-haltestelle-nordstrasse-geht-voran \" rel=\"noopener noreferrer\" target=\"_blank\">Meldung der Stadt zum aktuellen Stand der Asbestsanierung<\/a><\/p>\n<p><a href=\"https:\/\/www.antenneduesseldorf.de\/artikel\/zeitplan-fuer-sanierung-der-u-bahn-haltestelle-nordstrasse-2443856.html \" rel=\"noopener noreferrer\" target=\"_blank\">So hatten wir bisher \u00fcber den Zeitplan berichtet<\/a><\/p>\n<p><a href=\"https:\/\/www.antenneduesseldorf.de\/artikel\/asbest-im-u-bahnhof-nordstrasse-kontrollen-und-bauarbeiten-2337066.html \" rel=\"noopener noreferrer\" target=\"_blank\">Das Asbest war im Mai im U-Bahnhof Nordstra\u00dfe gefunden worden<\/a><\/p>\n<p>Folge uns f\u00fcr mehr News &amp; Updates:<\/p>\n<p><a href=\"https:\/\/www.antenneduesseldorf.de\/service\/radioplayer.html?radiochannel=live\" rel=\"noopener noreferrer\" target=\"_blank\">Livestream<\/a> | <a href=\"https:\/\/www.instagram.com\/antenne_duesseldorf\/?hl=de\" rel=\"noopener noreferrer\" target=\"_blank\">Instagram<\/a> | <a href=\"https:\/\/www.facebook.com\/antenneduesseldorf\/?locale=de_DE\" rel=\"noopener noreferrer\" target=\"_blank\">Facebook<\/a> | <a href=\"https:\/\/www.whatsapp.com\/channel\/0029VaVMRhHC6Zvi1qpXz42Y\" rel=\"noopener noreferrer\" target=\"_blank\">WhatsApp-Kanal<\/a><\/p>\n<p><script async src=\"\/\/www.instagram.com\/embed.js\"><\/script><\/p>\n","protected":false},"excerpt":{"rendered":"Ver\u00f6ffentlicht:\u00a0Donnerstag, 16.10.2025 06:07 Die Asbestsanierung im U-Bahnhof Nordstra\u00dfe geht in die n\u00e4chste Phase. Bis November wird im Bereich&hellip;\n","protected":false},"author":2,"featured_media":502508,"comment_status":"","ping_status":"","sticky":false,"template":"","format":"standard","meta":{"footnotes":""},"categories":[1831],"tags":[107515,79544,3364,29,3405,30,1209,4102],"class_list":{"0":"post-502507","1":"post","2":"type-post","3":"status-publish","4":"format-standard","5":"has-post-thumbnail","7":"category-duesseldorf","8":"tag-nordstrae","9":"tag-asbestsanierung","10":"tag-de","11":"tag-deutschland","12":"tag-duesseldorf","13":"tag-germany","14":"tag-nordrhein-westfalen","15":"tag-rheinbahn"},"share_on_mastodon":{"url":"https:\/\/pubeurope.com\/@de\/115382394843475178","error":""},"_links":{"self":[{"href":"https:\/\/www.europesays.com\/de\/wp-json\/wp\/v2\/posts\/502507","targetHints":{"allow":["GET"]}}],"collection":[{"href":"https:\/\/www.europesays.com\/de\/wp-json\/wp\/v2\/posts"}],"about":[{"href":"https:\/\/www.europesays.com\/de\/wp-json\/wp\/v2\/types\/post"}],"author":[{"embeddable":true,"href":"https:\/\/www.europesays.com\/de\/wp-json\/wp\/v2\/users\/2"}],"replies":[{"embeddable":true,"href":"https:\/\/www.europesays.com\/de\/wp-json\/wp\/v2\/comments?post=502507"}],"version-history":[{"count":0,"href":"https:\/\/www.europesays.com\/de\/wp-json\/wp\/v2\/posts\/502507\/revisions"}],"wp:featuredmedia":[{"embeddable":true,"href":"https:\/\/www.europesays.com\/de\/wp-json\/wp\/v2\/media\/502508"}],"wp:attachment":[{"href":"https:\/\/www.europesays.com\/de\/wp-json\/wp\/v2\/media?parent=502507"}],"wp:term":[{"taxonomy":"category","embeddable":true,"href":"https:\/\/www.europesays.com\/de\/wp-json\/wp\/v2\/categories?post=502507"},{"taxonomy":"post_tag","embeddable":true,"href":"https:\/\/www.europesays.com\/de\/wp-json\/wp\/v2\/tags?post=502507"}],"curies":[{"name":"wp","href":"https:\/\/api.w.org\/{rel}","templated":true}]}}