{"id":502509,"date":"2025-10-16T06:19:14","date_gmt":"2025-10-16T06:19:14","guid":{"rendered":"https:\/\/www.europesays.com\/de\/502509\/"},"modified":"2025-10-16T06:19:14","modified_gmt":"2025-10-16T06:19:14","slug":"vorverkauf-fuer-wwe-show-startet-ende-oktober","status":"publish","type":"post","link":"https:\/\/www.europesays.com\/de\/502509\/","title":{"rendered":"Vorverkauf f\u00fcr WWE-Show startet Ende Oktober"},"content":{"rendered":"<p>Seltenes Wrestling-Event <\/p>\n<p>WWE in D\u00fcsseldorf: Vorverkauf startet in K\u00fcrze<\/p>\n<p>16.10.2025 &#8211; 07:50 UhrLesedauer: 1 Min.<\/p>\n<p><a href=\"#focus-0\" class=\"transition-colors duration-200 block text-current relative\" data-sctrack=\"FocusGalleryImage.Reference\"><img fetchpriority=\"high\" data-testid=\"Opener.Image\" style=\"--lqipURL:url('https:\/\/images.t-online.de\/2025\/10\/aGLsyubNPJB-\/0x78:4000x2250\/fit-in\/150x0\/filters:blur(25)\/ein-wwe-kampf-archivbild-eine-show-findet-in-duesseldorf-statt.jpg')\"   loading=\"eager\" src=\"https:\/\/www.europesays.com\/de\/wp-content\/uploads\/2025\/10\/ein-wwe-kampf-archivbild-eine-show-findet-in-duesseldorf-statt.jpg\" alt=\"imago 37391945\" title=\"imago 37391945\" width=\"4000\" height=\"2250\" class=\"bg-[url:var(--lqipURL)] bg-cover bg-center flex h-full w-full max-w-full\" decoding=\"async\"\/><img style=\"--width:32;--height:32\" loading=\"lazy\" src=\"https:\/\/www.t-online.de\/s\/paper\/_next\/static\/media\/zoom-in.f7dae02f.svg\" alt=\"Vergr\u00f6\u00dfern des Bildes\" title=\"Vergr\u00f6\u00dfern des Bildes\" class=\"block h-[calc(var(--height)_\/_16_*_1rem)] w-[calc(var(--width)_\/_16_*_1rem)] max-w-none absolute bottom-8 right-8 rounded-4 bg-snow p-8\" decoding=\"async\"\/><\/a><\/p>\n<p>Ein WWE-Kampf (Archivbild): Eine Show findet in D\u00fcsseldorf statt. (Quelle: Revierfoto)<\/p>\n<p class=\"font-bold text-18 leading-17\">Premiere in D\u00fcsseldorf: Eine beliebte Show des Wrestling-Marktf\u00fchrers findet im Januar in der Landeshauptstadt statt. Millionen von Fans werden das Event verfolgen. Der Ticketverkauf startet bald.<\/p>\n<p class=\"text-18 leading-17\">Der Wrestling-Marktf\u00fchrer <a class=\"transition-colors duration-200 cursor-pointer text-inherit no-underline text-salemsfur md:hover:text-magenta md:hover:border-magenta md:focus:text-magenta border-current border-b border-solid break-words\" href=\"https:\/\/www.t-online.de\/themen\/wwe\/\" data-sctrack=\"BodyAnchor\" target=\"_blank\" rel=\"noopener\">WWE<\/a> \u00fcbertr\u00e4gt seine weltbekannte Show &#8222;Monday Night Raw&#8220; am 12. Januar live aus dem D\u00fcsseldorfer PSD Bank Dome. Die Kult-Sendung erreicht seit 1993 jeden Montagabend in den <a class=\"transition-colors duration-200 cursor-pointer text-inherit no-underline text-salemsfur md:hover:text-magenta md:hover:border-magenta md:focus:text-magenta border-current border-b border-solid break-words\" href=\"https:\/\/www.t-online.de\/themen\/usa\/\" data-sctrack=\"BodyAnchor\" target=\"_blank\" rel=\"noopener\">USA<\/a> ein Millionenpublikum. &#8222;Raw&#8220;-Shows au\u00dferhalb der USA sind dabei eine Seltenheit \u2013 in Deutschland fand letztmals 1997 eine statt.<\/p>\n<p class=\"text-18 leading-17\">Der Ticket-Vorverkauf startet in K\u00fcrze. Ein exklusiver Vorverkauf beginnt am Mittwoch, dem 29. Oktober, um 10 Uhr. Am Freitag, dem 31. Oktober, gehen die Karten um 10 Uhr in den allgemeinen Vorverkauf. Wie viel die Tickets genau kosten werden, steht noch nicht fest. Fans m\u00fcssen aber mindestens mit einer hohen zweistelligen Summe rechnen.<\/p>\n<p class=\"text-18 leading-17\">An der Show teilnehmen sollen der amtierende &#8222;Undisputed WWE Champion&#8220; Cody Rhodes, &#8222;World Heavyweight Champion&#8220; Seth Rollins, &#8222;Women\u2019s Champion&#8220; Tiffany Stratton sowie Jey Uso, Rhea Ripley, LA Knight, Drew McIntyre und Bianca Belair. Auch der \u00d6sterreicher Gunther ist laut einer Pressemitteilung mit dabei sein.<\/p>\n<p class=\"text-18 leading-17\">Im Januar finden zudem in weiteren deutschen St\u00e4dten WWE-Events statt. Eine &#8222;Houseshow&#8220; findet am 8. Januar in <a class=\"transition-colors duration-200 cursor-pointer text-inherit no-underline text-salemsfur md:hover:text-magenta md:hover:border-magenta md:focus:text-magenta border-current border-b border-solid break-words\" href=\"https:\/\/www.t-online.de\/region\/leipzig\/\" data-sctrack=\"BodyAnchor\" target=\"_blank\" rel=\"noopener\">Leipzig<\/a> und am 13. Januar in <a class=\"transition-colors duration-200 cursor-pointer text-inherit no-underline text-salemsfur md:hover:text-magenta md:hover:border-magenta md:focus:text-magenta border-current border-b border-solid break-words\" href=\"https:\/\/www.t-online.de\/themen\/mannheim\/\" data-sctrack=\"BodyAnchor\" target=\"_blank\" rel=\"noopener\">Mannheim<\/a> statt. Am 9. Januar kommt die Show &#8222;Smackdown&#8220; zudem nach <a rel=\"nofollow noopener\" target=\"_blank\" class=\"transition-colors duration-200 cursor-pointer text-inherit no-underline text-salemsfur md:hover:text-magenta md:hover:border-magenta md:focus:text-magenta border-current border-b border-solid break-words\" href=\"https:\/\/berlin.t-online.de\/region\/berlin\/\" data-sctrack=\"BodyAnchor\">Berlin<\/a>.<\/p>\n","protected":false},"excerpt":{"rendered":"Seltenes Wrestling-Event WWE in D\u00fcsseldorf: Vorverkauf startet in K\u00fcrze 16.10.2025 &#8211; 07:50 UhrLesedauer: 1 Min. Ein WWE-Kampf (Archivbild):&hellip;\n","protected":false},"author":2,"featured_media":502510,"comment_status":"","ping_status":"","sticky":false,"template":"","format":"standard","meta":{"footnotes":""},"categories":[1831],"tags":[3364,29,3405,30,3467,1209,64113,22208,64,5435,125691,891],"class_list":{"0":"post-502509","1":"post","2":"type-post","3":"status-publish","4":"format-standard","5":"has-post-thumbnail","7":"category-duesseldorf","8":"tag-de","9":"tag-deutschland","10":"tag-duesseldorf","11":"tag-germany","12":"tag-landeshauptstadt","13":"tag-nordrhein-westfalen","14":"tag-psd-bank-dome","15":"tag-ticketverkauf","16":"tag-usa","17":"tag-vorverkauf","18":"tag-wrestling-event","19":"tag-wwe"},"share_on_mastodon":{"url":"https:\/\/pubeurope.com\/@de\/115382398050548135","error":""},"_links":{"self":[{"href":"https:\/\/www.europesays.com\/de\/wp-json\/wp\/v2\/posts\/502509","targetHints":{"allow":["GET"]}}],"collection":[{"href":"https:\/\/www.europesays.com\/de\/wp-json\/wp\/v2\/posts"}],"about":[{"href":"https:\/\/www.europesays.com\/de\/wp-json\/wp\/v2\/types\/post"}],"author":[{"embeddable":true,"href":"https:\/\/www.europesays.com\/de\/wp-json\/wp\/v2\/users\/2"}],"replies":[{"embeddable":true,"href":"https:\/\/www.europesays.com\/de\/wp-json\/wp\/v2\/comments?post=502509"}],"version-history":[{"count":0,"href":"https:\/\/www.europesays.com\/de\/wp-json\/wp\/v2\/posts\/502509\/revisions"}],"wp:featuredmedia":[{"embeddable":true,"href":"https:\/\/www.europesays.com\/de\/wp-json\/wp\/v2\/media\/502510"}],"wp:attachment":[{"href":"https:\/\/www.europesays.com\/de\/wp-json\/wp\/v2\/media?parent=502509"}],"wp:term":[{"taxonomy":"category","embeddable":true,"href":"https:\/\/www.europesays.com\/de\/wp-json\/wp\/v2\/categories?post=502509"},{"taxonomy":"post_tag","embeddable":true,"href":"https:\/\/www.europesays.com\/de\/wp-json\/wp\/v2\/tags?post=502509"}],"curies":[{"name":"wp","href":"https:\/\/api.w.org\/{rel}","templated":true}]}}