{"id":502513,"date":"2025-10-16T06:21:13","date_gmt":"2025-10-16T06:21:13","guid":{"rendered":"https:\/\/www.europesays.com\/de\/502513\/"},"modified":"2025-10-16T06:21:13","modified_gmt":"2025-10-16T06:21:13","slug":"vfb-stuttgart-und-1-fc-koeln-strecken-fuehler-aus","status":"publish","type":"post","link":"https:\/\/www.europesays.com\/de\/502513\/","title":{"rendered":"VfB Stuttgart und 1. FC K\u00f6ln strecken F\u00fchler aus"},"content":{"rendered":"<p>    <img decoding=\"async\" class=\"lazy newsimage\" src=\"https:\/\/www.europesays.com\/de\/wp-content\/uploads\/2025\/10\/getty-kuba-nawrocki-251016065620.jpg\" loading=\"lazy\" alt=\"Sebastian Hoene\u00df, Trainer des VfB Stuttgart \" title=\"Sebastian Hoene\u00df, Trainer des VfB Stuttgart \"\/><\/p>\n<p>\n    Sebastian Hoene\u00df, Trainer des VfB Stuttgart  \u00a9 Daniela Porcelli \/  Getty Images<\/p>\n<p>Der VfB Stuttgart und der 1. FC K\u00f6ln besch\u00e4ftigen sich offenbar mit demselben Spieler. Ein Youngster aus Polen soll die Herzen der Bundesligisten h\u00f6her schlagen lassen. <\/p>\n<p>Sebastian Hoene\u00df (Foto) verwehrt sich keinesfalls, in seiner t\u00e4glichen Arbeit auf die gro\u00dfen Talente aus den europ\u00e4ischen Ligen zu setzen. Ein Youngster aus Polen soll es unter anderem seinem Scoutingteam angetan haben.<\/p>\n<p>Nach Angaben des Journalisten <a href=\"https:\/\/rudygaletti.substack.com\/p\/top-european-clubs-eye-polish-talent\" target=\"_blank\" rel=\"noopener\">Rudy Galetti<\/a> besch\u00e4ftigen sich aus der Bundesliga der VfB Stuttgart und der 1. FC K\u00f6ln mit Kuba Nawrocki, der seit diesem Sommer dem Profikader von Widzew Lodz angeh\u00f6rig ist.<\/p>\n<p>Neben weiteren Klubs aus Deutschland und Italien sollen die Fiorentina und Sassuolo konkretes Interesse an dem 18-J\u00e4hrigen signalisieren. Lodz sei offen f\u00fcr Gespr\u00e4che \u00fcber einen m\u00f6glichen Wechsel im Januar \u2013 allerdings nur unter bestimmten Bedingungen.<\/p>\n<p>VfB Stuttgart und 1. FC K\u00f6ln locken: Kuba Nawrocki noch ohne Profieinsatz<\/p>\n<p>Nawrocki hat sich beim Profiteam bisher noch keinen Namen gemacht und stand in der Ekstraklasa in der laufenden Saison noch kein einziges Mal auf dem Platz. Stattdessen sind f\u00fcr ihn elf Eins\u00e4tze mit zwei Toren und drei Vorlagen im Viertligateam festgehalten.<\/p>\n<p>Der Lichtkegel fiel bisher eher selten auf Nawrocki, der auch erst in diesem Sommer sein Deb\u00fct im Herrenbereich gab \u2013 und das nicht auf Profiniveau.<\/p>\n<p>VfB Stuttgart: Weitere Themen<\/p>\n<p>In der zweiten Mannschaft von Lodz \u00fcbernimmt er immerhin eine immer wichtigere Rolle. Nawrocki kommt meist im defensiven Mittelfeld zum Einsatz, schaltet sich aber auch in der Offensive ein, ist also nicht der reine Balleroberer.<\/p>\n<p>Quelle:  Rudy Galetti<\/p>\n","protected":false},"excerpt":{"rendered":"Sebastian Hoene\u00df, Trainer des VfB Stuttgart \u00a9 Daniela Porcelli \/ Getty Images Der VfB Stuttgart und der 1.&hellip;\n","protected":false},"author":2,"featured_media":502514,"comment_status":"","ping_status":"","sticky":false,"template":"","format":"standard","meta":{"footnotes":""},"categories":[1830],"tags":[623,1634,299,3364,29,30,1441,2915],"class_list":{"0":"post-502513","1":"post","2":"type-post","3":"status-publish","4":"format-standard","5":"has-post-thumbnail","7":"category-stuttgart","8":"tag-1-fc-koeln","9":"tag-baden-wuerttemberg","10":"tag-bundesliga","11":"tag-de","12":"tag-deutschland","13":"tag-germany","14":"tag-stuttgart","15":"tag-vfb-stuttgart"},"share_on_mastodon":{"url":"https:\/\/pubeurope.com\/@de\/115382405473869448","error":""},"_links":{"self":[{"href":"https:\/\/www.europesays.com\/de\/wp-json\/wp\/v2\/posts\/502513","targetHints":{"allow":["GET"]}}],"collection":[{"href":"https:\/\/www.europesays.com\/de\/wp-json\/wp\/v2\/posts"}],"about":[{"href":"https:\/\/www.europesays.com\/de\/wp-json\/wp\/v2\/types\/post"}],"author":[{"embeddable":true,"href":"https:\/\/www.europesays.com\/de\/wp-json\/wp\/v2\/users\/2"}],"replies":[{"embeddable":true,"href":"https:\/\/www.europesays.com\/de\/wp-json\/wp\/v2\/comments?post=502513"}],"version-history":[{"count":0,"href":"https:\/\/www.europesays.com\/de\/wp-json\/wp\/v2\/posts\/502513\/revisions"}],"wp:featuredmedia":[{"embeddable":true,"href":"https:\/\/www.europesays.com\/de\/wp-json\/wp\/v2\/media\/502514"}],"wp:attachment":[{"href":"https:\/\/www.europesays.com\/de\/wp-json\/wp\/v2\/media?parent=502513"}],"wp:term":[{"taxonomy":"category","embeddable":true,"href":"https:\/\/www.europesays.com\/de\/wp-json\/wp\/v2\/categories?post=502513"},{"taxonomy":"post_tag","embeddable":true,"href":"https:\/\/www.europesays.com\/de\/wp-json\/wp\/v2\/tags?post=502513"}],"curies":[{"name":"wp","href":"https:\/\/api.w.org\/{rel}","templated":true}]}}