{"id":502518,"date":"2025-10-16T06:24:11","date_gmt":"2025-10-16T06:24:11","guid":{"rendered":"https:\/\/www.europesays.com\/de\/502518\/"},"modified":"2025-10-16T06:24:11","modified_gmt":"2025-10-16T06:24:11","slug":"stadt-sucht-ehrenamtliche-fuer-baby-besuche","status":"publish","type":"post","link":"https:\/\/www.europesays.com\/de\/502518\/","title":{"rendered":"Stadt sucht Ehrenamtliche f\u00fcr Baby-Besuche"},"content":{"rendered":"<p class=\"small date article__date\">Ver\u00f6ffentlicht:\u00a0Donnerstag, 16.10.2025 07:53<\/p>\n<p>\u00dcber 12.000 Kinder sind vergangenes Jahr bei uns in K\u00f6ln zur Welt gekommen. Viel zu tun f\u00fcr das KiWi-Ehrenamt. Denn die Stadt K\u00f6ln begr\u00fc\u00dft Neugeborene bei den &#8222;KinderWillkommen-Besuchen&#8220; und gratuliert ihren Eltern.\u00a0<\/p>\n<p><img decoding=\"async\" alt=\"\" src=\"https:\/\/www.europesays.com\/de\/wp-content\/uploads\/2025\/10\/pexels-reneterp-325690.jpg&#038;crop=0x100x4817x3011&#038;resize=1280x800&#038;dt=202510160802100.jpeg\" data-size=\"1280x800\"\/>\u00a9 Pexels<\/p>\n<p>Dabei informieren ehrenamtliche Mitarbeiterinnen und Mitarbeiter Eltern \u00fcber Angebote und Hilfsm\u00f6glichkeiten. Die Ehrenamtler bringen dazu Infomaterial und Geschenke mit. F\u00fcr das KiWi-Ehrenamt sucht die Stadt auch neue Freiwillige.<\/p>\n<p>Die n\u00e4chsten Schulungen f\u00fcr Ehrenamtliche starten ab November. Hier k\u00f6nnt ihr euch melden:<\/p>\n<p>St\u00e4dtisches KiWi-Telefon: 0221\/221-28591<\/p>\n<p>Per Mail: kiwi@stadt-koeln.de<\/p>\n<p>Im Internet: stadt-koeln.de\/kiwi\u00a0<\/p>\n","protected":false},"excerpt":{"rendered":"Ver\u00f6ffentlicht:\u00a0Donnerstag, 16.10.2025 07:53 \u00dcber 12.000 Kinder sind vergangenes Jahr bei uns in K\u00f6ln zur Welt gekommen. Viel zu&hellip;\n","protected":false},"author":2,"featured_media":502519,"comment_status":"","ping_status":"","sticky":false,"template":"","format":"standard","meta":{"footnotes":""},"categories":[1828],"tags":[2499,29,30,1420,1209],"class_list":{"0":"post-502518","1":"post","2":"type-post","3":"status-publish","4":"format-standard","5":"has-post-thumbnail","7":"category-koeln","8":"tag-kln","9":"tag-deutschland","10":"tag-germany","11":"tag-koeln","12":"tag-nordrhein-westfalen"},"share_on_mastodon":{"url":"https:\/\/pubeurope.com\/@de\/115382417909814620","error":""},"_links":{"self":[{"href":"https:\/\/www.europesays.com\/de\/wp-json\/wp\/v2\/posts\/502518","targetHints":{"allow":["GET"]}}],"collection":[{"href":"https:\/\/www.europesays.com\/de\/wp-json\/wp\/v2\/posts"}],"about":[{"href":"https:\/\/www.europesays.com\/de\/wp-json\/wp\/v2\/types\/post"}],"author":[{"embeddable":true,"href":"https:\/\/www.europesays.com\/de\/wp-json\/wp\/v2\/users\/2"}],"replies":[{"embeddable":true,"href":"https:\/\/www.europesays.com\/de\/wp-json\/wp\/v2\/comments?post=502518"}],"version-history":[{"count":0,"href":"https:\/\/www.europesays.com\/de\/wp-json\/wp\/v2\/posts\/502518\/revisions"}],"wp:featuredmedia":[{"embeddable":true,"href":"https:\/\/www.europesays.com\/de\/wp-json\/wp\/v2\/media\/502519"}],"wp:attachment":[{"href":"https:\/\/www.europesays.com\/de\/wp-json\/wp\/v2\/media?parent=502518"}],"wp:term":[{"taxonomy":"category","embeddable":true,"href":"https:\/\/www.europesays.com\/de\/wp-json\/wp\/v2\/categories?post=502518"},{"taxonomy":"post_tag","embeddable":true,"href":"https:\/\/www.europesays.com\/de\/wp-json\/wp\/v2\/tags?post=502518"}],"curies":[{"name":"wp","href":"https:\/\/api.w.org\/{rel}","templated":true}]}}