{"id":502520,"date":"2025-10-16T06:25:16","date_gmt":"2025-10-16T06:25:16","guid":{"rendered":"https:\/\/www.europesays.com\/de\/502520\/"},"modified":"2025-10-16T06:25:16","modified_gmt":"2025-10-16T06:25:16","slug":"kult-cafe-muss-wegen-mega-projekt-in-koeln-schliessen-emotionaler-brief","status":"publish","type":"post","link":"https:\/\/www.europesays.com\/de\/502520\/","title":{"rendered":"Kult-Caf\u00e9 muss wegen Mega-Projekt in K\u00f6ln schlie\u00dfen \u2013 emotionaler Brief"},"content":{"rendered":"<p>Emotionaler Abschiedsbrief <\/p>\n<p>Kult-Caf\u00e9 muss wegen Mega-Projekt schlie\u00dfen<\/p>\n<ul class=\"grid grid-flow-col gap-4\" aria-label=\"Autorenbilder\">\n<li class=\"leading-0\"><img data-tb-author-image=\"\"  loading=\"lazy\" src=\"https:\/\/www.europesays.com\/de\/wp-content\/uploads\/2025\/08\/philip-buchen.jpg\" alt=\"Philip Buchen\" title=\"Philip Buchen\" width=\"40\" height=\"40\" class=\"\" decoding=\"async\"\/><\/li>\n<\/ul>\n<p>16.10.2025 &#8211; 08:00 UhrLesedauer: 2 Min.<\/p>\n<p><a href=\"#focus-0\" class=\"transition-colors duration-200 block text-current relative\" data-sctrack=\"FocusGalleryImage.Reference\"><img fetchpriority=\"high\" data-testid=\"Opener.Image\" style=\"--lqipURL:url('https:\/\/images.t-online.de\/2025\/10\/FhAxFDvxN5X1\/0x156:3000x1687\/fit-in\/150x0\/filters:blur(25)\/tasse-kaffee-symbolfoto-in-der-neuen-woche-schliesst-ein-bekanntes-cafe-in-der-innenstadt.jpg')\"   loading=\"eager\" src=\"https:\/\/www.europesays.com\/de\/wp-content\/uploads\/2025\/10\/tasse-kaffee-symbolfoto-in-der-neuen-woche-schliesst-ein-bekanntes-cafe-in-der-innenstadt.jpg\" alt=\"Tasse Kaffee (Symbolfoto): In der neuen Woche schlie\u00dft ein bekanntes Caf\u00e9 in der Innenstadt.\" title=\"Tasse Kaffee (Symbolfoto): In der neuen Woche schlie\u00dft ein bekanntes Caf\u00e9 in der Innenstadt.\" width=\"3000\" height=\"1687\" class=\"bg-[url:var(--lqipURL)] bg-cover bg-center flex h-full w-full max-w-full\" decoding=\"async\"\/><img style=\"--width:32;--height:32\" loading=\"lazy\" src=\"https:\/\/www.t-online.de\/s\/paper\/_next\/static\/media\/zoom-in.f7dae02f.svg\" alt=\"Vergr\u00f6\u00dfern des Bildes\" title=\"Vergr\u00f6\u00dfern des Bildes\" class=\"block h-[calc(var(--height)_\/_16_*_1rem)] w-[calc(var(--width)_\/_16_*_1rem)] max-w-none absolute bottom-8 right-8 rounded-4 bg-snow p-8\" decoding=\"async\"\/><\/a><\/p>\n<p>Tasse Kaffee (Symbolfoto): In der neuen Woche schlie\u00dft ein bekanntes Caf\u00e9 in der Innenstadt. (Quelle: cozyta\/imago-images-bilder)<\/p>\n<p class=\"font-bold text-18 leading-17\">Nach 23 Jahren ist Schluss: Das K\u00f6lner Caf\u00e9 Lichtenberg muss schlie\u00dfen. Der Grund: Ein Mega-Bauprojekt am Neumarkt. Wie es f\u00fcr die Betreiber weitergeht.<\/p>\n<p class=\"text-18 leading-17\">Die Betreiber gaben die Schlie\u00dfung in diesen Tagen in einem emotionalen Brief, den sie t-online zur Verf\u00fcgung stellten, an ihre G\u00e4ste bekannt. &#8222;Wir m\u00fcssen mit Tr\u00e4nen in den Augen einer Baustelle weichen&#8220;, hei\u00dft es darin.<\/p>\n<p class=\"text-18 leading-17\">Denn die Zeit dr\u00e4ngt: Laut der K\u00f6lner Kreissparkasse sind die Planungen f\u00fcr den Neubau so weit fortgeschritten, dass &#8222;demn\u00e4chst mit den Entkernungs- und &#8217;sichtbaren&#8216; Abrissarbeiten&#8220; an dem Geb\u00e4ude in der Richmodstra\u00dfe begonnen werden kann, bevor dann der eigentliche Abriss startet. Anfang November sollen die Abrissarbeiten beginnen.<\/p>\n<p class=\"text-18 leading-17\">Ersetzt werden soll der Geb\u00e4udekomplex entlang der Richmodstra\u00dfe: von der Ecke Neumarkt bis einschlie\u00dflich zum ehemaligen Kreissparkassen-Parkhaus. Die Sanierung des Geb\u00e4udes, dessen Bausubstanz aus den 1950er Jahren stammt, war offenbar nicht mehr wirtschaftlich. Der Neubau soll auf 14.000 Quadratmetern Gewerbefl\u00e4che Platz f\u00fcr einen Mix aus Handel, Gastronomie und B\u00fcrofl\u00e4chen bieten.<\/p>\n<p class=\"text-18 leading-17\">Das Caf\u00e9 Lichtenberg hatte sich an der zun\u00e4chst unbeachteten Stelle hinter der Kreissparkasse zu einem beliebten Treffpunkt entwickelt. Mit seiner ungew\u00f6hnlichen Ausstattung \u2013 Bilderrahmen als Tische, ein Konzertfl\u00fcgel, Leuchter und Wandvorh\u00e4nge der K\u00f6lner K\u00fcnstlerin Bettina Gruber \u2013 orientierte sich das Interieur an der Atmosph\u00e4re eines Pariser Caf\u00e9s.<\/p>\n<p class=\"text-18 leading-17\">Das Caf\u00e9 \u00f6ffnete 2002 seine T\u00fcren. Unter der langj\u00e4hrigen Leitung von Ulrike Weingarten bot das Lichtenberg eigenen Kaffee aus einer Zusammenarbeit mit Zulieferern aus der ganzen Welt. Zur Einrichtung geh\u00f6rte auch die integrierte &#8222;Marx Weinbar&#8220; mit ihren Wein-Spezialit\u00e4ten. Das Caf\u00e9 bot in den letzten Jahren auch Raum f\u00fcr Konzerte, wechselnde Ausstellungen, Lesungen und Autorentreffen.<\/p>\n<p class=\"text-18 leading-17\">Die G\u00e4ste k\u00f6nnen die Kuchen und Kaffees des Lichtenberg-Teams k\u00fcnftig anderswo in <a class=\"transition-colors duration-200 cursor-pointer text-inherit no-underline text-salemsfur md:hover:text-magenta md:hover:border-magenta md:focus:text-magenta border-current border-b border-solid break-words\" href=\"https:\/\/www.t-online.de\/region\/koeln\/\" data-sctrack=\"BodyAnchor\" target=\"_blank\" rel=\"noopener\">K\u00f6ln<\/a> finden: im Theater im Bauturm, im Museum Ludwig, im Caf\u00e9 Feynsinn am Rathenauplatz sowie rechtsrheinisch ab dem Sommer im Caf\u00e9 <a class=\"transition-colors duration-200 cursor-pointer text-inherit no-underline text-salemsfur md:hover:text-magenta md:hover:border-magenta md:focus:text-magenta border-current border-b border-solid break-words\" href=\"https:\/\/www.t-online.de\/themen\/offenbach\/\" data-sctrack=\"BodyAnchor\" target=\"_blank\" rel=\"noopener\">Offenbach<\/a> im Carlswerk sowie auch im Staatenhaus. R\u00f6stereien des Teams befinden sich zudem in der Aachener Stra\u00dfe und an der Schanzenstra\u00dfe.<\/p>\n<p class=\"text-18 leading-17\">Ab Sommer 2026 wollen die Betreiber ein neues Caf\u00e9 am Offenbachplatz er\u00f6ffnen \u2013 <a class=\"transition-colors duration-200 cursor-pointer text-inherit no-underline text-salemsfur md:hover:text-magenta md:hover:border-magenta md:focus:text-magenta border-current border-b border-solid break-words\" href=\"https:\/\/www.t-online.de\/region\/koeln\/id_100934874\/milliardengrab-in-koeln-henriette-reker-gibt-eroeffnungstermin-bekannt.html\" data-sctrack=\"BodyAnchor\" target=\"_blank\" rel=\"noopener\">im dann vermutlich fertiggestellten Geb\u00e4ude von Oper und Schauspiel<\/a> K\u00f6ln. Eine R\u00fcckkehr an den angestammten Standort am Rande des Neumarkts schlie\u00dfen die Betreiber nicht aus: &#8222;Wenn alles vorbei ist, und wir Gl\u00fcck haben, dann sind wir in einigen Jahren auch wieder hier, genau an dieser Stelle.&#8220;<\/p>\n<p class=\"text-18 leading-17\">Bis zur Schlie\u00dfung am 25. Oktober hoffen die Betreiber auf zahlreiche Abschiedsbesuche ihrer G\u00e4ste.<\/p>\n","protected":false},"excerpt":{"rendered":"Emotionaler Abschiedsbrief Kult-Caf\u00e9 muss wegen Mega-Projekt schlie\u00dfen 16.10.2025 &#8211; 08:00 UhrLesedauer: 2 Min. Tasse Kaffee (Symbolfoto): In der&hellip;\n","protected":false},"author":2,"featured_media":502521,"comment_status":"","ping_status":"","sticky":false,"template":"","format":"standard","meta":{"footnotes":""},"categories":[1828],"tags":[125692,7601,29,30,1420,118773,2190,3657,1209],"class_list":{"0":"post-502520","1":"post","2":"type-post","3":"status-publish","4":"format-standard","5":"has-post-thumbnail","7":"category-koeln","8":"tag-abschiedsbrief","9":"tag-bauprojekt","10":"tag-deutschland","11":"tag-germany","12":"tag-koeln","13":"tag-kreissparkasse-koeln","14":"tag-neubau","15":"tag-neumarkt","16":"tag-nordrhein-westfalen"},"share_on_mastodon":{"url":"https:\/\/pubeurope.com\/@de\/115382421794512181","error":""},"_links":{"self":[{"href":"https:\/\/www.europesays.com\/de\/wp-json\/wp\/v2\/posts\/502520","targetHints":{"allow":["GET"]}}],"collection":[{"href":"https:\/\/www.europesays.com\/de\/wp-json\/wp\/v2\/posts"}],"about":[{"href":"https:\/\/www.europesays.com\/de\/wp-json\/wp\/v2\/types\/post"}],"author":[{"embeddable":true,"href":"https:\/\/www.europesays.com\/de\/wp-json\/wp\/v2\/users\/2"}],"replies":[{"embeddable":true,"href":"https:\/\/www.europesays.com\/de\/wp-json\/wp\/v2\/comments?post=502520"}],"version-history":[{"count":0,"href":"https:\/\/www.europesays.com\/de\/wp-json\/wp\/v2\/posts\/502520\/revisions"}],"wp:featuredmedia":[{"embeddable":true,"href":"https:\/\/www.europesays.com\/de\/wp-json\/wp\/v2\/media\/502521"}],"wp:attachment":[{"href":"https:\/\/www.europesays.com\/de\/wp-json\/wp\/v2\/media?parent=502520"}],"wp:term":[{"taxonomy":"category","embeddable":true,"href":"https:\/\/www.europesays.com\/de\/wp-json\/wp\/v2\/categories?post=502520"},{"taxonomy":"post_tag","embeddable":true,"href":"https:\/\/www.europesays.com\/de\/wp-json\/wp\/v2\/tags?post=502520"}],"curies":[{"name":"wp","href":"https:\/\/api.w.org\/{rel}","templated":true}]}}