{"id":502524,"date":"2025-10-16T06:27:11","date_gmt":"2025-10-16T06:27:11","guid":{"rendered":"https:\/\/www.europesays.com\/de\/502524\/"},"modified":"2025-10-16T06:27:11","modified_gmt":"2025-10-16T06:27:11","slug":"muenchner-gericht-weist-klage-wegen-angeblichen-fehlens-einer-deutschsprachigen-reiseleitung-ab-muenchen","status":"publish","type":"post","link":"https:\/\/www.europesays.com\/de\/502524\/","title":{"rendered":"M\u00fcnchner Gericht weist Klage wegen angeblichen Fehlens einer deutschsprachigen Reiseleitung ab &#8211; M\u00fcnchen"},"content":{"rendered":"<p data-manual=\"paragraph\" data-schema-org-speakable=\"true\" class=\"css-1eosz7k\">Die immer weiter fortschreitende Entwicklung der mobilen Kommunikation wirkt sich inzwischen auch auf das Reisen aus, und das gef\u00e4llt nicht jedem, wie ein Verfahren vor einem Zivilgericht am Amtsgericht <a href=\"https:\/\/www.sueddeutsche.de\/thema\/M%C3%BCnchen\" target=\"_blank\" rel=\"noopener\">M\u00fcnchen<\/a> zeigt. Geklagt hatte ein M\u00fcnchner, der bei einem Reiseveranstalter eine siebent\u00e4gige Pauschalreise zum Preis von 774 Euro nach <a href=\"https:\/\/www.sueddeutsche.de\/thema\/Dubai\" target=\"_blank\" rel=\"noopener\">Dubai<\/a> gebucht hatte.<\/p>\n<p data-manual=\"paragraph\" data-schema-org-speakable=\"true\" class=\"css-1eosz7k\">Allerdings sagte ihm nicht alles an der Fernreise zu. Zur\u00fcck in M\u00fcnchen machte er deshalb gegen\u00fcber dem Reiseveranstalter diverse M\u00e4ngel geltend und forderte eine R\u00fcckzahlung in H\u00f6he von 400 Euro \u2013 etwas mehr also als die H\u00e4lfte des Preises, den er f\u00fcr die Reise gezahlt hatte.<\/p>\n<p data-manual=\"paragraph\" data-schema-org-speakable=\"true\" class=\"css-1eosz7k\">Am meisten missfallen hatte dem M\u00fcnchner bei seinem Aufenthalt in dem Emirat am Persischen Golf, dass der deutschsprachige Reiseleiter nur per Whatsapp erreichbar und nicht durchgehend an Ort und Stelle pr\u00e4sent gewesen sei. Das <a href=\"https:\/\/www.sueddeutsche.de\/thema\/Amtsgericht_M%C3%BCnchen\" target=\"_blank\" rel=\"noopener\">Amtsgericht M\u00fcnchen<\/a> gew\u00e4hrte letztlich jedoch nur eine Minderung des Reisepreises in H\u00f6he von 4,84 Euro f\u00fcr den entfallenen Besuch der alten Festung Al-Fahidi-Fort im Zentrum Dubais. Im \u00dcbrigen wies es die Klage ab.<\/p>\n<p data-manual=\"paragraph\" data-schema-org-speakable=\"true\" class=\"css-1eosz7k\">Im Hinblick auf die vom Kl\u00e4ger beanstandete \u201efehlende deutschsprachige Reiseleitung\u201c stellt das Gericht in seinem Urteil fest, dass dies keine Abweichung \u201evon der geschuldeten Reiseleistung\u201c\u00a0darstelle. Der beklagte Reiseveranstalter habe laut eigenen Angaben eine \u201equalifiziert Deutsch sprechende Reiseleitung\u201c\u00a0f\u00fcr die Reise zugesichert. Dies, so das Gericht, \u201ebedeutet, dass ein Deutsch sprechender Reiseleiter w\u00e4hrend der gesamten Reise als Ansprechpartner f\u00fcr die Reisenden zur Verf\u00fcgung\u201c stehe. Und dies sei ja auch offenbar der Fall gewesen. Denn der Reiseleiter war, wenn auch nicht durchgehend, per Whatsapp erreichbar.<\/p>\n<p data-manual=\"paragraph\" data-schema-org-speakable=\"true\" class=\"css-1eosz7k\">Der Reiseveranstalter sei, wie es im Urteil des Amtsgerichts weiter hei\u00dft, nicht dazu verpflichtet gewesen, s\u00e4mtliche Aktivit\u00e4ten der Reisenden pers\u00f6nlich zu begleiten. Au\u00dferdem sei es bei Pauschalreisen \u201eauch nicht branchen\u00fcblich\u201c, dass ein Reiseleiter w\u00e4hrend des Reiseprogramms st\u00e4ndig pr\u00e4sent sei \u2013 im Gegensatz zu einem Stadtf\u00fchrer.<\/p>\n<p data-manual=\"paragraph\" data-schema-org-speakable=\"true\" class=\"css-1eosz7k\">Dieser sei durchgehend anwesend, um Reisenden Dinge zu erkl\u00e4ren. Der Reiseveranstalter habe im vorliegenden Fall lediglich zugesichert, so das Gericht, dass er vor Ort durch einen Deutsch sprechenden Ansprechpartner vertreten sei und Reisenden bei etwaigen Beanstandungen zur Seite stehe, und dies sei auch der Fall gewesen.<\/p>\n<p data-manual=\"paragraph\" data-schema-org-speakable=\"true\" class=\"css-1eosz7k\">Das Urteil des Amtsgerichts (Az.158 C 14594\/23) ist rechtskr\u00e4ftig.<\/p>\n","protected":false},"excerpt":{"rendered":"Die immer weiter fortschreitende Entwicklung der mobilen Kommunikation wirkt sich inzwischen auch auf das Reisen aus, und das&hellip;\n","protected":false},"author":2,"featured_media":502525,"comment_status":"","ping_status":"","sticky":false,"template":"","format":"standard","meta":{"footnotes":""},"categories":[1827],"tags":[3360,772,29,10250,2634,30,1268,6174,149,831],"class_list":{"0":"post-502524","1":"post","2":"type-post","3":"status-publish","4":"format-standard","5":"has-post-thumbnail","7":"category-muenchen","8":"tag-amtsgericht-muenchen","9":"tag-bayern","10":"tag-deutschland","11":"tag-dubai","12":"tag-gerichtsprozesse-in-muenchen","13":"tag-germany","14":"tag-muenchen","15":"tag-reiserecht","16":"tag-sueddeutsche-zeitung","17":"tag-vereinigte-arabische-emirate"},"share_on_mastodon":{"url":"https:\/\/pubeurope.com\/@de\/115382428946607038","error":""},"_links":{"self":[{"href":"https:\/\/www.europesays.com\/de\/wp-json\/wp\/v2\/posts\/502524","targetHints":{"allow":["GET"]}}],"collection":[{"href":"https:\/\/www.europesays.com\/de\/wp-json\/wp\/v2\/posts"}],"about":[{"href":"https:\/\/www.europesays.com\/de\/wp-json\/wp\/v2\/types\/post"}],"author":[{"embeddable":true,"href":"https:\/\/www.europesays.com\/de\/wp-json\/wp\/v2\/users\/2"}],"replies":[{"embeddable":true,"href":"https:\/\/www.europesays.com\/de\/wp-json\/wp\/v2\/comments?post=502524"}],"version-history":[{"count":0,"href":"https:\/\/www.europesays.com\/de\/wp-json\/wp\/v2\/posts\/502524\/revisions"}],"wp:featuredmedia":[{"embeddable":true,"href":"https:\/\/www.europesays.com\/de\/wp-json\/wp\/v2\/media\/502525"}],"wp:attachment":[{"href":"https:\/\/www.europesays.com\/de\/wp-json\/wp\/v2\/media?parent=502524"}],"wp:term":[{"taxonomy":"category","embeddable":true,"href":"https:\/\/www.europesays.com\/de\/wp-json\/wp\/v2\/categories?post=502524"},{"taxonomy":"post_tag","embeddable":true,"href":"https:\/\/www.europesays.com\/de\/wp-json\/wp\/v2\/tags?post=502524"}],"curies":[{"name":"wp","href":"https:\/\/api.w.org\/{rel}","templated":true}]}}