{"id":502526,"date":"2025-10-16T06:28:13","date_gmt":"2025-10-16T06:28:13","guid":{"rendered":"https:\/\/www.europesays.com\/de\/502526\/"},"modified":"2025-10-16T06:28:13","modified_gmt":"2025-10-16T06:28:13","slug":"immer-mehr-hamburger-kitas-kaempfen-ums-ueberleben","status":"publish","type":"post","link":"https:\/\/www.europesays.com\/de\/502526\/","title":{"rendered":"Immer mehr Hamburger Kitas k\u00e4mpfen ums \u00dcberleben"},"content":{"rendered":"<p>        <img decoding=\"async\" src=\"https:\/\/www.europesays.com\/de\/wp-content\/uploads\/2025\/10\/elbkinder124.webp\" alt=\"Hocker stehen hochgestellt auf einem Tisch in einem Gruppenraum in der Elbkinder-Kita.\" title=\"Hocker stehen hochgestellt auf einem Tisch in einem Gruppenraum in der Elbkinder-Kita. | picture alliance, Christian Charisius\" class=\"responsive\"\/><\/p>\n<p>AUDIO: Weinger Kinder, steigende Kosten: Kita-Probleme in Hamburg (1 Min)<\/p>\n<p>\n            Stand: 16.10.2025 07:55 Uhr<\/p>\n<p class=\"preface\">Immer mehr Kitas in Hamburg k\u00e4mpfen ums \u00dcberleben. Das geht aus aktuellen Zahlen hervor, die dem NDR vorliegen. Tr\u00e4ger fordern deshalb unter anderem eine verl\u00e4ssliche Finanzierung. Und dass nicht mehr Kitas er\u00f6ffnet werden als n\u00f6tig.<\/p>\n<p class=\"\">Allein in diesem Jahr haben bereits neun Kindertagesst\u00e4tten geschlossen oder angek\u00fcndigt zu schlie\u00dfen. Denn durch die sinkenden Geburtenzahlen werden immer weniger Betreuungspl\u00e4tze ben\u00f6tigt. Und doch haben allein in diesem Jahr 22 neue Einrichtungen er\u00f6ffnet.<\/p>\n<p>    Weniger Kinder, aber steigende Kosten<\/p>\n<p class=\"\">Tr\u00e4ger und Verb\u00e4nde fordern die Schulbeh\u00f6rde deshalb auf, keine neuen Kitas in gut versorgten Stadtteilen zu genehmigen. Au\u00dferdem sei eine \u00dcberarbeitung des Kita-Gutscheinsystems n\u00f6tig. Kitas erhalten im Wesentlichen eine Pro-Kopf-Pauschale. Bei weniger Kindern aber steigenden Personal- und Geb\u00e4udekosten gehe diese Rechnung nicht mehr auf.<\/p>\n<p class=\"\">Die Beh\u00f6rde pr\u00fcft nun, die Geb\u00e4udekosten f\u00fcr Kitas in Lagen zu \u00fcbernehmen, in denen Kitapl\u00e4tze fehlen. Die Er\u00f6ffnung neuer Kitas k\u00f6nne sie allerdings nicht regulieren. Denn Kitas, die alle Anforderungen erf\u00fcllen, m\u00fcssen laut Gesetz genehmigt werden.<\/p>\n<p>        <img decoding=\"async\" src=\"https:\/\/www.europesays.com\/de\/wp-content\/uploads\/2025\/09\/kurznachrichten106.webp\" alt=\"Blick auf den Hamburger Hafen\" title=\"Blick auf den Hamburger Hafen | Fotolia, Marco2811\" class=\"responsive\" loading=\"lazy\"\/><\/p>\n<p>        <img decoding=\"async\" src=\"https:\/\/www.europesays.com\/de\/wp-content\/uploads\/2025\/10\/elbkinder124.webp\" alt=\"Hocker stehen hochgestellt auf einem Tisch in einem Gruppenraum in der Elbkinder-Kita.\" title=\"Hocker stehen hochgestellt auf einem Tisch in einem Gruppenraum in der Elbkinder-Kita. | picture alliance, Christian Charisius\" class=\"responsive\" loading=\"lazy\"\/><\/p>\n<p>Einige Elbkinder-Kitas sollen zusammengelegt werden. In den Stadtteilen Steilshoop, Hoheluft-West und Hohenfelde werden Einrichtungen geschlossen.<\/p>\n<p>Dieses Thema im Programm:<\/p>\n<p>                NDR 90,3 | NDR 90,3 Aktuell | 16.10.2025 | 07:00 Uhr<\/p>\n","protected":false},"excerpt":{"rendered":"AUDIO: Weinger Kinder, steigende Kosten: Kita-Probleme in Hamburg (1 Min) Stand: 16.10.2025 07:55 Uhr Immer mehr Kitas in&hellip;\n","protected":false},"author":2,"featured_media":502527,"comment_status":"","ping_status":"","sticky":false,"template":"","format":"standard","meta":{"footnotes":""},"categories":[1826],"tags":[29,9748,30,692,3491,19886,7389,20603],"class_list":{"0":"post-502526","1":"post","2":"type-post","3":"status-publish","4":"format-standard","5":"has-post-thumbnail","7":"category-hamburg","8":"tag-deutschland","9":"tag-elbkinder","10":"tag-germany","11":"tag-hamburg","12":"tag-kita","13":"tag-plaetze","14":"tag-schliessung","15":"tag-sozialbehoerde"},"share_on_mastodon":{"url":"https:\/\/pubeurope.com\/@de\/115382433908781487","error":""},"_links":{"self":[{"href":"https:\/\/www.europesays.com\/de\/wp-json\/wp\/v2\/posts\/502526","targetHints":{"allow":["GET"]}}],"collection":[{"href":"https:\/\/www.europesays.com\/de\/wp-json\/wp\/v2\/posts"}],"about":[{"href":"https:\/\/www.europesays.com\/de\/wp-json\/wp\/v2\/types\/post"}],"author":[{"embeddable":true,"href":"https:\/\/www.europesays.com\/de\/wp-json\/wp\/v2\/users\/2"}],"replies":[{"embeddable":true,"href":"https:\/\/www.europesays.com\/de\/wp-json\/wp\/v2\/comments?post=502526"}],"version-history":[{"count":0,"href":"https:\/\/www.europesays.com\/de\/wp-json\/wp\/v2\/posts\/502526\/revisions"}],"wp:featuredmedia":[{"embeddable":true,"href":"https:\/\/www.europesays.com\/de\/wp-json\/wp\/v2\/media\/502527"}],"wp:attachment":[{"href":"https:\/\/www.europesays.com\/de\/wp-json\/wp\/v2\/media?parent=502526"}],"wp:term":[{"taxonomy":"category","embeddable":true,"href":"https:\/\/www.europesays.com\/de\/wp-json\/wp\/v2\/categories?post=502526"},{"taxonomy":"post_tag","embeddable":true,"href":"https:\/\/www.europesays.com\/de\/wp-json\/wp\/v2\/tags?post=502526"}],"curies":[{"name":"wp","href":"https:\/\/api.w.org\/{rel}","templated":true}]}}