{"id":502528,"date":"2025-10-16T06:29:12","date_gmt":"2025-10-16T06:29:12","guid":{"rendered":"https:\/\/www.europesays.com\/de\/502528\/"},"modified":"2025-10-16T06:29:12","modified_gmt":"2025-10-16T06:29:12","slug":"muss-hier-uebernachten-chaos-am-bahnhof-reisende-stecken-in-hamburg-fest","status":"publish","type":"post","link":"https:\/\/www.europesays.com\/de\/502528\/","title":{"rendered":"&#8222;Muss hier \u00fcbernachten&#8220;: Chaos am Bahnhof: Reisende stecken in Hamburg fest"},"content":{"rendered":"<p>          16.10.2025 07:46 Uhr \u2013  01:33 min<\/p>\n<p>              &#8222;Muss hier \u00fcbernachten&#8220;<br \/>\n              Chaos am Bahnhof: Reisende stecken in Hamburg fest<\/p>\n<p>\n              Massive Versp\u00e4tungen, Zugausf\u00e4lle und \u00fcberf\u00fcllte Bahnsteige: Am Abend herrscht am Hamburger Hauptbahnhof Ausnahmezustand. Reisende berichten von stundenlangen Verz\u00f6gerungen und Notfallpl\u00e4nen. Die Deutsche Bahn warnt vor weiteren Einschr\u00e4nkungen &#8211; Fahrzeuge und Personal fehlen.<\/p>\n","protected":false},"excerpt":{"rendered":"16.10.2025 07:46 Uhr \u2013 01:33 min &#8222;Muss hier \u00fcbernachten&#8220; Chaos am Bahnhof: Reisende stecken in Hamburg fest Massive&hellip;\n","protected":false},"author":2,"featured_media":502529,"comment_status":"","ping_status":"","sticky":false,"template":"","format":"standard","meta":{"footnotes":""},"categories":[1826],"tags":[2030,29,30,692,4562,2869],"class_list":{"0":"post-502528","1":"post","2":"type-post","3":"status-publish","4":"format-standard","5":"has-post-thumbnail","7":"category-hamburg","8":"tag-deutsche-bahn","9":"tag-deutschland","10":"tag-germany","11":"tag-hamburg","12":"tag-reise","13":"tag-zugverkehr"},"share_on_mastodon":{"url":"https:\/\/pubeurope.com\/@de\/115382437178638641","error":""},"_links":{"self":[{"href":"https:\/\/www.europesays.com\/de\/wp-json\/wp\/v2\/posts\/502528","targetHints":{"allow":["GET"]}}],"collection":[{"href":"https:\/\/www.europesays.com\/de\/wp-json\/wp\/v2\/posts"}],"about":[{"href":"https:\/\/www.europesays.com\/de\/wp-json\/wp\/v2\/types\/post"}],"author":[{"embeddable":true,"href":"https:\/\/www.europesays.com\/de\/wp-json\/wp\/v2\/users\/2"}],"replies":[{"embeddable":true,"href":"https:\/\/www.europesays.com\/de\/wp-json\/wp\/v2\/comments?post=502528"}],"version-history":[{"count":0,"href":"https:\/\/www.europesays.com\/de\/wp-json\/wp\/v2\/posts\/502528\/revisions"}],"wp:featuredmedia":[{"embeddable":true,"href":"https:\/\/www.europesays.com\/de\/wp-json\/wp\/v2\/media\/502529"}],"wp:attachment":[{"href":"https:\/\/www.europesays.com\/de\/wp-json\/wp\/v2\/media?parent=502528"}],"wp:term":[{"taxonomy":"category","embeddable":true,"href":"https:\/\/www.europesays.com\/de\/wp-json\/wp\/v2\/categories?post=502528"},{"taxonomy":"post_tag","embeddable":true,"href":"https:\/\/www.europesays.com\/de\/wp-json\/wp\/v2\/tags?post=502528"}],"curies":[{"name":"wp","href":"https:\/\/api.w.org\/{rel}","templated":true}]}}