{"id":502542,"date":"2025-10-16T06:36:22","date_gmt":"2025-10-16T06:36:22","guid":{"rendered":"https:\/\/www.europesays.com\/de\/502542\/"},"modified":"2025-10-16T06:36:22","modified_gmt":"2025-10-16T06:36:22","slug":"familie-enthuellt-daran-starb-diane-keaton","status":"publish","type":"post","link":"https:\/\/www.europesays.com\/de\/502542\/","title":{"rendered":"Familie enth\u00fcllt: Daran starb Diane Keaton"},"content":{"rendered":"<p><img alt=\"Schauspielerin Diane Keaton wurde 79 Jahre alt. (Bild: action press)\" loading=\"lazy\" width=\"960\" height=\"640\" decoding=\"async\" data-nimg=\"1\" class=\"rounded-lg\" style=\"color:transparent\" src=\"https:\/\/www.europesays.com\/de\/wp-content\/uploads\/2025\/10\/b834bde45de4d3f0de002afd9ce00ba2.jpeg\"\/><\/p>\n<p>Schauspielerin Diane Keaton wurde 79 Jahre alt. (Bild: action press)<\/p>\n<p class=\"mb-4 text-lg md:leading-8 break-words\"><a data-i13n=\"cpos:1;pos:1\" href=\"https:\/\/de.nachrichten.yahoo.com\/hollywoodstar-diane-keaton-tot-kam-060310455.html\" data-ylk=\"slk:Diane Keatons (1946-2025) Familie hat die Todesursache der Schauspielerin;cpos:1;pos:1;elm:context_link;itc:0;sec:content-canvas;outcm:mb_qualified_link;_E:mb_qualified_link;ct:story;\" class=\"link  yahoo-link\" rel=\"nofollow noopener\" target=\"_blank\">Diane Keatons (1946-2025) Familie hat die Todesursache der Schauspielerin<\/a> bekannt gegeben: Sie starb am Samstag im Alter von 79 Jahren an einer Lungenentz\u00fcndung, wie ihre Angeh\u00f6rigen dem &#8222;People&#8220;-Magazin erkl\u00e4rten. In einem Statement hei\u00dft es dem Magazin zufolge: &#8222;Die Familie Keaton ist sehr dankbar f\u00fcr die au\u00dfergew\u00f6hnlichen Botschaften der Liebe und Unterst\u00fctzung, die sie in den letzten Tagen f\u00fcr ihre geliebte Diane erhalten hat, die am 11. Oktober an einer Lungenentz\u00fcndung verstorben ist.&#8220;<\/p>\n<p class=\"mb-4 text-lg md:leading-8 break-words\">Weiter erkl\u00e4rte die Familie des Hollywoodstars: &#8222;Sie liebte ihre Tiere und setzte sich unerm\u00fcdlich f\u00fcr Obdachlose ein. Daher w\u00e4ren Spenden in ihrem Gedenken an eine lokale Tafel oder ein Tierheim eine wunderbare und sehr willkommene Ehrung f\u00fcr sie.&#8220;<\/p>\n<p>Hollywood trauert um eine Ikone<\/p>\n<p class=\"mb-4 text-lg md:leading-8 break-words\">Diane Keaton war bekannt f\u00fcr ihre Rollen in &#8222;Der Stadtneurotiker&#8220;, in drei &#8222;Der Pate&#8220;-Filmen, &#8222;Was das Herz begehrt&#8220;, &#8222;Reds&#8220;, &#8222;Marvins T\u00f6chter&#8220;, &#8222;Book Club&#8220; und &#8222;Vater der Braut&#8220;. Zus\u00e4tzlich zu ihrer Leinwandkarriere wurde sie als Mode-Ikone verehrt.<\/p>\n<p class=\"mb-4 text-lg md:leading-8 break-words\">Nach der Nachricht von ihrem Tod gab es zahlreiche W\u00fcrdigungen von ihren Freunden, ehemaligen Co-Stars und Schauspielkollegen, darunter Bette Midler (79), Francis Ford Coppola (86), Kate Hudson (46), Steve Martin (80) oder Jane Fonda (87).<\/p>\n<p class=\"mb-4 text-lg md:leading-8 break-words\">Der Gesundheitszustand von Diane Keaton soll sich in den letzten Monaten vor ihrem Tod rapide verschlechtert haben, berichtete &#8222;People&#8220;. Ein Freund der Schauspielerin, die zwei Adoptivkinder hat, erz\u00e4hlte dem Magazin, dass &#8222;sie sehr pl\u00f6tzlich abbaute, was f\u00fcr alle, die sie liebten, herzzerrei\u00dfend war&#8220;. Er f\u00fcgte hinzu: &#8222;Es kam so unerwartet, besonders f\u00fcr jemanden mit so viel Kraft und Lebensfreude.&#8220;<\/p>\n<p class=\"mb-4 text-lg md:leading-8 break-words\">Weiter sagte die anonyme Quelle dem Bericht zufolge: &#8222;In ihren letzten Monaten war sie nur von ihren engsten Familienmitgliedern umgeben, die sich daf\u00fcr entschieden hatten, alles sehr privat zu halten.&#8220; Selbst langj\u00e4hrige Freunde h\u00e4tten nicht genau gewusst, was vor sich ging.<\/p>\n<p><a data-ylk=\"ct:story;elm:img;itc:0;\" class=\"stretched-box\" href=\"https:\/\/whatsapp.com\/channel\/0029Vb475RN0lwgxhmPc4U1Z\" rel=\"noopener noreferrer nofollow\" target=\"_blank\"><img alt=\"\" loading=\"lazy\" width=\"960\" height=\"240\" decoding=\"async\" data-nimg=\"1\" class=\"rounded-lg\" style=\"color:transparent\" src=\"https:\/\/www.europesays.com\/de\/wp-content\/uploads\/2025\/09\/d5bb3a20-2741-11f0-bbe6-8e78a5fa61c5.jpeg\"\/><\/a><\/p>\n","protected":false},"excerpt":{"rendered":"Schauspielerin Diane Keaton wurde 79 Jahre alt. (Bild: action press) Diane Keatons (1946-2025) Familie hat die Todesursache der&hellip;\n","protected":false},"author":2,"featured_media":502543,"comment_status":"","ping_status":"","sticky":false,"template":"","format":"standard","meta":{"footnotes":""},"categories":[1776],"tags":[125693,1801,29,123404,214,553,102568,30,1802,473,215],"class_list":{"0":"post-502542","1":"post","2":"type-post","3":"status-publish","4":"format-standard","5":"has-post-thumbnail","7":"category-prominente","8":"tag-bette-midler","9":"tag-celebrities","10":"tag-deutschland","11":"tag-diane-keaton","12":"tag-entertainment","13":"tag-familie","14":"tag-francis-ford-coppola","15":"tag-germany","16":"tag-prominente","17":"tag-schauspielerin","18":"tag-unterhaltung"},"share_on_mastodon":{"url":"https:\/\/pubeurope.com\/@de\/115382464796956083","error":""},"_links":{"self":[{"href":"https:\/\/www.europesays.com\/de\/wp-json\/wp\/v2\/posts\/502542","targetHints":{"allow":["GET"]}}],"collection":[{"href":"https:\/\/www.europesays.com\/de\/wp-json\/wp\/v2\/posts"}],"about":[{"href":"https:\/\/www.europesays.com\/de\/wp-json\/wp\/v2\/types\/post"}],"author":[{"embeddable":true,"href":"https:\/\/www.europesays.com\/de\/wp-json\/wp\/v2\/users\/2"}],"replies":[{"embeddable":true,"href":"https:\/\/www.europesays.com\/de\/wp-json\/wp\/v2\/comments?post=502542"}],"version-history":[{"count":0,"href":"https:\/\/www.europesays.com\/de\/wp-json\/wp\/v2\/posts\/502542\/revisions"}],"wp:featuredmedia":[{"embeddable":true,"href":"https:\/\/www.europesays.com\/de\/wp-json\/wp\/v2\/media\/502543"}],"wp:attachment":[{"href":"https:\/\/www.europesays.com\/de\/wp-json\/wp\/v2\/media?parent=502542"}],"wp:term":[{"taxonomy":"category","embeddable":true,"href":"https:\/\/www.europesays.com\/de\/wp-json\/wp\/v2\/categories?post=502542"},{"taxonomy":"post_tag","embeddable":true,"href":"https:\/\/www.europesays.com\/de\/wp-json\/wp\/v2\/tags?post=502542"}],"curies":[{"name":"wp","href":"https:\/\/api.w.org\/{rel}","templated":true}]}}