{"id":502550,"date":"2025-10-16T06:42:09","date_gmt":"2025-10-16T06:42:09","guid":{"rendered":"https:\/\/www.europesays.com\/de\/502550\/"},"modified":"2025-10-16T06:42:09","modified_gmt":"2025-10-16T06:42:09","slug":"frodo-darsteller-elijah-wood-hat-das-drehbuch-zum-neuen-herr-der-ringe-film-gelesen-und-seine-meinung-ist-klar","status":"publish","type":"post","link":"https:\/\/www.europesays.com\/de\/502550\/","title":{"rendered":"Frodo-Darsteller Elijah Wood hat das Drehbuch zum neuen Herr der Ringe-Film gelesen und seine Meinung ist klar"},"content":{"rendered":"<p>Zuletzt eroberte Mittelerde im Animationsgewand die gro\u00dfe Leinwand. Knapp ein Jahr nach dem Kinostart von <a data-ga-on=\"click,auxclick,contextmenu\" data-ga-event-category=\"Article\" data-ga-event-action=\"Internal Link Text\" data-ga-event-label=\"Click\" title=\"Der Herr der Ringe: Die Schlacht der Rohirrim\" href=\"https:\/\/www.moviepilot.de\/movies\/the-lord-of-the-rings-the-war-of-the-rohirrim\" class=\"sc-6a922024-0 dZMhco mp_article_parsed_internal_link\" target=\"_blank\" rel=\"noopener\">Der Herr der Ringe: Die Schlacht der Rohirrim<\/a> erreichen uns spannende Neuigkeiten zum <b>n\u00e4chsten Live-Action-Kapitel<\/b> der Fantasy-Saga, die Anfang der 2000er Jahre erstmals von <a data-ga-on=\"click,auxclick,contextmenu\" data-ga-event-category=\"Article\" data-ga-event-action=\"Internal Link Text\" data-ga-event-label=\"Click\" title=\"Peter Jackson\" href=\"https:\/\/www.moviepilot.de\/people\/peter-jackson\" class=\"sc-6a922024-0 dZMhco mp_article_parsed_internal_link\" target=\"_blank\" rel=\"noopener\">Peter Jackson<\/a> ins Kino gebracht wurde. <\/p>\n<p>Drei Herr der Ringe-Filme und drei Hobbit-Filme hat Jackson im Verlauf seiner Karriere als Regisseur umgesetzt. Das neue Abenteuer, <a data-ga-on=\"click,auxclick,contextmenu\" data-ga-event-category=\"Article\" data-ga-event-action=\"Internal Link Text\" data-ga-event-label=\"Click\" title=\"The Lord of the Rings: The Hunt for Gollum\" href=\"https:\/\/www.moviepilot.de\/movies\/the-lord-of-the-rings-the-hunt-for-gollum\" class=\"sc-6a922024-0 dZMhco mp_article_parsed_internal_link\" target=\"_blank\" rel=\"noopener\">The Lord of the Rings: The Hunt for Gollum<\/a>, begleitet er als Produzent. Dazu hat nun auch Frodo-Darsteller <a data-ga-on=\"click,auxclick,contextmenu\" data-ga-event-category=\"Article\" data-ga-event-action=\"Internal Link Text\" data-ga-event-label=\"Click\" title=\"Elijah Wood\" href=\"https:\/\/www.moviepilot.de\/people\/elijah-wood\" class=\"sc-6a922024-0 dZMhco mp_article_parsed_internal_link\" target=\"_blank\" rel=\"noopener\">Elijah Wood<\/a> ein Update gegeben, in dem er sich u.a. vom Drehbuch begeistert zeigt.<\/p>\n<p>The Hunt for Gollum: Frodo-Darsteller Elijah Wood schw\u00e4rmt vom neuen Herr der Ringe-Film<\/p>\n<p>Wood f\u00fchrte die Herr der Ringe-Trilogie als Frodo Beutlin an und brachte seinen Ringtr\u00e4ger auch in einer kleinen Nebenrolle f\u00fcr die Reise des kleinen Hobbits zur\u00fcck. Im Zuge der <a href=\"https:\/\/www.youtube.com\/watch?v=IX5NhkyQ710\" data-ga-on=\"click,auxclick,contextmenu\" data-ga-event-category=\"Article\" data-ga-event-action=\"External Link Text\" data-ga-event-label=\"www.youtube.com\" target=\"_blank\" rel=\"noopener noreferrer nofollow\" class=\"sc-b3b33791-1 lidfUl\">DesertCon\u00a0<\/a> wurde er nach dem Stand der Dinge bei The Hunt for Gollum gefragt. Zuerst versuchte er, sich aus der Aff\u00e4re zu ziehen: &#8222;Nun, dazu kann ich nichts sagen.&#8220; Schlussendlich hat er dennoch ein paar Details ausgepackt:<\/p>\n<blockquote class=\"sc-7f97975-0 geHxYT\"><p>Ich wei\u00df tats\u00e4chlich sehr viel \u00fcber [The Hunt for Gollum]. Ich habe [das Drehbuch] gelesen. <b>Es ist wirklich gut<\/b>. Es sind einige wunderbare Menschen [an dem Film] beteiligt. Das Spannende ist, dass wieder das alte kreative Team zusammenkommt &#8230; die kreativen K\u00f6pfe hinter Der Herr der Ringe: Fran [Walsh], Peter [Jackson], Philippa [Boyens], sie sind alle stark involviert. Und dann noch dieselben Produktionsdesigner.<\/p><\/blockquote>\n<p>Zum Status quo der Dreharbeiten sagt er:<\/p>\n<blockquote class=\"sc-7f97975-0 geHxYT\"><p>Es wird in Neuseeland gedreht. Das bedeutet, dass es eine gro\u00dfe Kontinuit\u00e4t mit vielen Leuten geben wird, die auch bei Der Herr der Ringe mitgewirkt haben, und darauf freue ich mich sehr. Es f\u00fchlt sich an, als w\u00fcrde man diese alte Maschine <b>mit all den richtigen Leuten <\/b>wieder zum Laufen bringen. Ich bin also wirklich gespannt. Es wird einige lustige Stellen geben, von denen ich glaube, dass die Leute begeistert sein werden. <\/p><\/blockquote>\n<p>Das klingt schon mal sehr vielversprechend. Eine entscheidende Info will Wood allerdings nicht herausr\u00fccken, n\u00e4mlich jene, <b>ob er als Frodo Beutlin vor die Kamera zur\u00fcckkehrt<\/b>. Hinsichtlich der Geschichte w\u00fcrde das durchaus Sinn ergeben, denn die ist w\u00e4hrend den Ereignissen von <a data-ga-on=\"click,auxclick,contextmenu\" data-ga-event-category=\"Article\" data-ga-event-action=\"Internal Link Text\" data-ga-event-label=\"Click\" title=\"Der Herr der Ringe: Die Gef\u00e4hrten\" href=\"https:\/\/www.moviepilot.de\/movies\/der-herr-der-ringe-die-gefaehrten\" class=\"sc-6a922024-0 dZMhco mp_article_parsed_internal_link\" target=\"_blank\" rel=\"noopener\">Der Herr der Ringe: Die Gef\u00e4hrten<\/a> angesiedelt. Konkret soll der Film zwischen Bilbos Geburtstag und Frodos Aufbruch nach Bruchtal spielen.<\/p>\n<p>Neuer Herr der Ringe-Film: Frodo und Gandalf tauchen auf alle F\u00e4lle in The Hunt for Gollum auf<\/p>\n<p>Den eindeutigsten (und trotzdem noch leicht kryptischen) Hinweis, den wir bisher zum Cast des Films erhalten haben, stammt von Gandalf-Darsteller <a data-ga-on=\"click,auxclick,contextmenu\" data-ga-event-category=\"Article\" data-ga-event-action=\"Internal Link Text\" data-ga-event-label=\"Click\" title=\"Ian McKellen\" href=\"https:\/\/www.moviepilot.de\/people\/ian-mckellen\" class=\"sc-6a922024-0 dZMhco mp_article_parsed_internal_link\" target=\"_blank\" rel=\"noopener\">Ian McKellen<\/a>, der im August folgende Worte w\u00e4hlte, <a data-ga-on=\"click,auxclick,contextmenu\" data-ga-event-category=\"Article\" data-ga-event-action=\"Internal Link Text\" data-ga-event-label=\"Click\" href=\"https:\/\/www.moviepilot.de\/news\/neuer-herr-der-ringe-film-bringt-frodo-und-gandalf-zurueck-ian-mckellen-enthuellt-plaene-aber-ein-detail-klingt-verdaechtig-1156646\" class=\"sc-6a922024-0 dZMhco mp_article_parsed_internal_link\" target=\"_blank\" rel=\"noopener\">um das Projekt zu beschreiben<\/a>: <\/p>\n<blockquote class=\"sc-7f97975-0 geHxYT\"><p>Ich habe geh\u00f6rt, dass es einen neuen Mittelerde-Film geben soll, der im Mai mit dem Dreh beginnt. Gollum wird Regie f\u00fchren, und auch die Story dreht sich um ihn. Ich verrate euch zwei Geheimnisse \u00fcber die Besetzung: <b>Es gibt im Film eine Figur namens Frodo und es gibt eine Figur namens Gandalf<\/b>. Dar\u00fcber hinaus sind meine Lippen verschlossen.<\/p><\/blockquote>\n<p>Das klingt sehr nach einer R\u00fcckkehr von Wood und McKellen. Vorerst sollten wir uns in Geduld \u00fcben, denn offiziell ist noch nichts best\u00e4tigt. Sicherlich wird es in den n\u00e4chsten Wochen und Monaten einige Updates zu The Hunt for Gollum geben. Nicht zuletzt muss die Produktion bald beginnen, wenn der Film p\u00fcnktlich am <b>16. Dezember 2027 <\/b>ins Kino kommen soll. Inszeniert wird er von Gollum-Darsteller Andy Serkis.<\/p>\n","protected":false},"excerpt":{"rendered":"Zuletzt eroberte Mittelerde im Animationsgewand die gro\u00dfe Leinwand. Knapp ein Jahr nach dem Kinostart von Der Herr der&hellip;\n","protected":false},"author":2,"featured_media":502551,"comment_status":"","ping_status":"","sticky":false,"template":"","format":"standard","meta":{"footnotes":""},"categories":[1771],"tags":[61691,44626,49528,1778,29,214,89856,49824,30,105127,95,1777,57493,48953,215,64,15739,19465,72276],"class_list":{"0":"post-502550","1":"post","2":"type-post","3":"status-publish","4":"format-standard","5":"has-post-thumbnail","7":"category-kino","8":"tag-abenteuerfilm","9":"tag-actionfilm","10":"tag-aufregend","11":"tag-cinema","12":"tag-deutschland","13":"tag-entertainment","14":"tag-fantasiewelt","15":"tag-fantasyfilm","16":"tag-germany","17":"tag-gut-und-boese","18":"tag-kino","19":"tag-movie","20":"tag-neuseeland","21":"tag-spannend","22":"tag-unterhaltung","23":"tag-usa","24":"tag-vergangenheit","25":"tag-warner-bros","26":"tag-zeitlos"},"share_on_mastodon":{"url":"https:\/\/pubeurope.com\/@de\/115382487851063384","error":""},"_links":{"self":[{"href":"https:\/\/www.europesays.com\/de\/wp-json\/wp\/v2\/posts\/502550","targetHints":{"allow":["GET"]}}],"collection":[{"href":"https:\/\/www.europesays.com\/de\/wp-json\/wp\/v2\/posts"}],"about":[{"href":"https:\/\/www.europesays.com\/de\/wp-json\/wp\/v2\/types\/post"}],"author":[{"embeddable":true,"href":"https:\/\/www.europesays.com\/de\/wp-json\/wp\/v2\/users\/2"}],"replies":[{"embeddable":true,"href":"https:\/\/www.europesays.com\/de\/wp-json\/wp\/v2\/comments?post=502550"}],"version-history":[{"count":0,"href":"https:\/\/www.europesays.com\/de\/wp-json\/wp\/v2\/posts\/502550\/revisions"}],"wp:featuredmedia":[{"embeddable":true,"href":"https:\/\/www.europesays.com\/de\/wp-json\/wp\/v2\/media\/502551"}],"wp:attachment":[{"href":"https:\/\/www.europesays.com\/de\/wp-json\/wp\/v2\/media?parent=502550"}],"wp:term":[{"taxonomy":"category","embeddable":true,"href":"https:\/\/www.europesays.com\/de\/wp-json\/wp\/v2\/categories?post=502550"},{"taxonomy":"post_tag","embeddable":true,"href":"https:\/\/www.europesays.com\/de\/wp-json\/wp\/v2\/tags?post=502550"}],"curies":[{"name":"wp","href":"https:\/\/api.w.org\/{rel}","templated":true}]}}