{"id":502552,"date":"2025-10-16T06:43:11","date_gmt":"2025-10-16T06:43:11","guid":{"rendered":"https:\/\/www.europesays.com\/de\/502552\/"},"modified":"2025-10-16T06:43:11","modified_gmt":"2025-10-16T06:43:11","slug":"dengue-breitet-sich-auf-kuba-erneut-aus-drei-todesfaelle-bestaetigt","status":"publish","type":"post","link":"https:\/\/www.europesays.com\/de\/502552\/","title":{"rendered":"Dengue breitet sich auf Kuba erneut aus \u2013 drei Todesf\u00e4lle best\u00e4tigt"},"content":{"rendered":"<p><a><img decoding=\"async\" src=\"https:\/\/www.europesays.com\/de\/wp-content\/uploads\/2025\/10\/351601651.jpg\" alt=\"Bild\" style=\"width:auto;max-width:100%\"\/><\/a><\/p>\n<p>\n<strong>Das kubanische Gesundheitsministerium hat drei Todesf\u00e4lle durch Dengue im Jahr 2025 best\u00e4tigt. Neben dem Virus breiten sich auch Chikungunya und Oropouche auf der Insel aus. Ursache f\u00fcr die wachsende Zahl von Infektionen sind laut Beh\u00f6rden hohe M\u00fcckenbest\u00e4nde, beg\u00fcnstigt durch Treibstoffmangel, Regenf\u00e4lle und M\u00fcllprobleme.<\/strong>\n<\/p>\n<p>\n16.10 2025\u00a0 08:23 Uhr\n<\/p>\n<p><img loading=\"lazy\" decoding=\"async\" src=\"https:\/\/01.met.vgwort.de\/na\/7a12cddedd274fe38e5ed2aef22bf650\" width=\"1\" height=\"1\" alt=\"\"\/><\/p>\n<p>Das kubanische Gesundheitsministerium (MINSAP) hat drei Todesf\u00e4lle durch Dengue im Jahr 2025 best\u00e4tigt. Wie Vizeministerin Carilda Pe\u00f1a gegen\u00fcber der staatlichen Presse erkl\u00e4rte, seien die Todesursachen durch pathologische Untersuchungen und vorherige Diagnosen best\u00e4tigt worden. Weitere Details zu den Verstorbenen oder deren Wohnorten nannte sie nicht.<\/p>\n<p>Nach Angaben der Vizeministerin breiten sich derzeit mehrere von M\u00fccken \u00fcbertragene Krankheiten gleichzeitig auf der Insel aus. Neben Dengue zirkulieren auch Chikungunya und Oropouche. Besonders das Chikungunya-Virus, das erstmals in diesem Jahr in der Ortschaft Perico (Provinz Matanzas) auftrat, sei inzwischen in acht Provinzen nachgewiesen worden \u2013 darunter Havanna, Artemisa, Villa Clara und Holgu\u00edn. Die Krankheit verursache hohes Fieber und starke Gelenkschmerzen, verlaufe jedoch in der Regel nicht t\u00f6dlich, k\u00f6nne aber bei vorerkrankten Patienten Komplikationen hervorrufen.<\/p>\n<p>Dengue gilt seit Jahren als endemisch auf Kuba und ist laut MINSAP derzeit in zw\u00f6lf der f\u00fcnfzehn Provinzen, 36 Gemeinden und 44 Gesundheitsbezirken verbreitet. Pe\u00f1a bezeichnete die Situation als \u201enationales Problem\u201c. Die Bek\u00e4mpfung der M\u00fccken sei durch den akuten Treibstoffmangel erheblich erschwert, da vielerorts keine regelm\u00e4\u00dfigen Begasungen mehr m\u00f6glich seien.<\/p>\n<p>Neben dem begrenzten Zugang zu Treibstoff tragen auch verstopfte Abfl\u00fcsse, undichte Leitungen, anhaltende Regenf\u00e4lle und die zunehmende M\u00fcllansammlung in den St\u00e4dten zur Ausbreitung der M\u00fccken bei. Diese Faktoren stehen im Zusammenhang mit der tiefen wirtschaftlichen Krise, die das Land seit Jahren durchlebt. Sie f\u00fchrt nicht nur zu Stromausf\u00e4llen und Versorgungsengp\u00e4ssen, sondern erschwert auch die Umsetzung grundlegender Gesundheitsma\u00dfnahmen.<\/p>\n<p>Die Ausbreitung der M\u00fcckenviren f\u00e4llt in eine Zeit, in der das kubanische Gesundheitssystem unter enormem Druck steht. Medikamente und medizinisches Material sind knapp, und viele Krankenh\u00e4user k\u00e4mpfen mit veralteter Infrastruktur und Personalmangel.<\/p>\n<p>Laut Daten der Panamerikanischen Gesundheitsorganisation (OPS) meldete Kuba in den vergangenen zehn Jahren in zwei Jahren jeweils mehr als 3.000 Denguef\u00e4lle. 2019 wurden 3.259 Infektionen registriert, 2022 waren es 3.036. Im selben Jahr best\u00e4tigte die Regierung 11.634 positive Tests, bei denen entweder eine akute oder bereits \u00fcberstandene Infektion nachgewiesen wurde.<\/p>\n<p>Gesundheitsexperten warnen, dass der aktuelle Anstieg der F\u00e4lle ein Hinweis auf eine weitere Zunahme im kommenden Jahr sein k\u00f6nnte \u2013 besonders wenn die strukturellen Probleme des Landes ungel\u00f6st bleiben.\u200b<\/p>\n","protected":false},"excerpt":{"rendered":"Das kubanische Gesundheitsministerium hat drei Todesf\u00e4lle durch Dengue im Jahr 2025 best\u00e4tigt. Neben dem Virus breiten sich auch&hellip;\n","protected":false},"author":2,"featured_media":502553,"comment_status":"","ping_status":"","sticky":false,"template":"","format":"standard","meta":{"footnotes":""},"categories":[137],"tags":[1349,12960,29,30,141,12962,12961,232,6461,4047,12963,2249,14,2059,15],"class_list":{"0":"post-502552","1":"post","2":"type-post","3":"status-publish","4":"format-standard","5":"has-post-thumbnail","7":"category-gesundheit","8":"tag-aktuelles","9":"tag-cuba","10":"tag-deutschland","11":"tag-germany","12":"tag-gesundheit","13":"tag-havana","14":"tag-havanna","15":"tag-health","16":"tag-heute","17":"tag-kuba","18":"tag-la-habana","19":"tag-meldungen","20":"tag-nachrichten","21":"tag-neues","22":"tag-news"},"share_on_mastodon":{"url":"https:\/\/pubeurope.com\/@de\/115382492891677903","error":""},"_links":{"self":[{"href":"https:\/\/www.europesays.com\/de\/wp-json\/wp\/v2\/posts\/502552","targetHints":{"allow":["GET"]}}],"collection":[{"href":"https:\/\/www.europesays.com\/de\/wp-json\/wp\/v2\/posts"}],"about":[{"href":"https:\/\/www.europesays.com\/de\/wp-json\/wp\/v2\/types\/post"}],"author":[{"embeddable":true,"href":"https:\/\/www.europesays.com\/de\/wp-json\/wp\/v2\/users\/2"}],"replies":[{"embeddable":true,"href":"https:\/\/www.europesays.com\/de\/wp-json\/wp\/v2\/comments?post=502552"}],"version-history":[{"count":0,"href":"https:\/\/www.europesays.com\/de\/wp-json\/wp\/v2\/posts\/502552\/revisions"}],"wp:featuredmedia":[{"embeddable":true,"href":"https:\/\/www.europesays.com\/de\/wp-json\/wp\/v2\/media\/502553"}],"wp:attachment":[{"href":"https:\/\/www.europesays.com\/de\/wp-json\/wp\/v2\/media?parent=502552"}],"wp:term":[{"taxonomy":"category","embeddable":true,"href":"https:\/\/www.europesays.com\/de\/wp-json\/wp\/v2\/categories?post=502552"},{"taxonomy":"post_tag","embeddable":true,"href":"https:\/\/www.europesays.com\/de\/wp-json\/wp\/v2\/tags?post=502552"}],"curies":[{"name":"wp","href":"https:\/\/api.w.org\/{rel}","templated":true}]}}