{"id":502565,"date":"2025-10-16T06:50:29","date_gmt":"2025-10-16T06:50:29","guid":{"rendered":"https:\/\/www.europesays.com\/de\/502565\/"},"modified":"2025-10-16T06:50:29","modified_gmt":"2025-10-16T06:50:29","slug":"selenskyj-stellt-hafenstadt-odessa-unter-militaerverwaltung","status":"publish","type":"post","link":"https:\/\/www.europesays.com\/de\/502565\/","title":{"rendered":"Selenskyj stellt Hafenstadt Odessa unter Milit\u00e4rverwaltung"},"content":{"rendered":"<p>            <img loading=\"lazy\" decoding=\"async\" class=\"ts-image\" src=\"https:\/\/www.europesays.com\/de\/wp-content\/uploads\/2025\/10\/truchanow-100.jpg\" alt=\"Hennadij Truchanow\" title=\"Hennadij Truchanow | dpa\"\/><\/p>\n<p class=\"metatextline\">Stand: 16.10.2025 03:55 Uhr<\/p>\n<p class=\"textabsatz columns twelve  m-ten  m-offset-one l-eight l-offset-two\">\n        <strong>Erst entzog der ukrainische Pr\u00e4sident Selenskyj dem B\u00fcrgermeister von Odessa die Staatsangeh\u00f6rigkeit &#8211; nun stellte er die Hafenstadt unter Milit\u00e4rverwaltung. Beobachter sprechen von einem Machtkampf. <\/strong>\n    <\/p>\n<p>                                        <a class=\"authorline__link\" href=\"https:\/\/www.tagesschau.de\/korrespondenten\/kellermann-102.html\" target=\"_blank\" rel=\"noopener\"><br \/>\n                                            <img decoding=\"async\" class=\"authorline__img\" alt=\"Florian Kellermann\" src=\"https:\/\/www.europesays.com\/de\/wp-content\/uploads\/2025\/09\/kellermann-100.jpg\"\/><br \/>\n                                        <\/a><\/p>\n<p class=\"textabsatz m-ten m-offset-one l-eight l-offset-two columns twelve\">Mitten im Krieg dominiert in der Ukraine ein innenpolitischer Konflikt die Schlagzeilen. Pr\u00e4sident Wolodymyr Selenskyj und der ihm unterstellte Geheimdienst SBU gehen aktiv gegen den B\u00fcrgermeister von Odessa vor &#8211; Hennadij Truchanow. Truchanow regiert die Hafenstadt am Schwarzen Meer seit 2014. Nun warf Selenskyj dem B\u00fcrgermeister vor, er habe neben der ukrainischen auch die russische Staatsb\u00fcrgerschaft. Das habe der Geheimdienst SBU ermittelt.<\/p>\n<p class=\"textabsatz m-ten m-offset-one l-eight l-offset-two columns twelve\">Selenskyj ging sofort noch einen Schritt weiter und entzog Truchanow die ukrainische Staatsb\u00fcrgerschaft. In einer Video-Ansprache erkl\u00e4rte er: &#8222;Ich war heute beim Leiter des SBU, um seinen Lagebericht zu h\u00f6ren. Ich danke dem Geheimdienst, dass er gegen russische Geheimdienststrukturen arbeitet. Wir haben \u00fcber die Lage in Gemeinden an der Front gesprochen und im S\u00fcden unseres Staates, insbesondere in Odessa. Odessa verdient besseren Schutz als bisher &#8211; und mehr Unterst\u00fctzung.&#8220;<\/p>\n<p>    SBU leitet Milit\u00e4rverwaltung<\/p>\n<p class=\"textabsatz m-ten m-offset-one l-eight l-offset-two columns twelve\">Selenskyj sprach den Namen Truchanow nicht aus. Trotzdem sollten die Zuh\u00f6rer verstehen: Truchanow sei gef\u00e4hrlich f\u00fcr Odessa und wom\u00f6glich mit russischen Geheimdiensten verbunden. Nach dieser Rede unterstellte Selenskyj Odessa einer Milit\u00e4rverwaltung. Und zum Leiter dieser Milit\u00e4rverwaltung ernannte Selenskyj einen hochrangingen SBU-Mitarbeiter.<\/p>\n<p class=\"textabsatz m-ten m-offset-one l-eight l-offset-two columns twelve\">Dagegen regt sich massive Kritik. Selenskyj mache sich daran, die kommunale Selbstverwaltung in der Stadt auszuhebeln, so Maryna Bojko, Abgeordnete im Stadtrat von Odessa. &#8222;Wie das genau ablaufen wird, wei\u00df in Odessa bisher niemand. Der B\u00fcrgermeister d\u00fcrfte auf jeden Fall seine Vollmachten verlieren. Dann m\u00fcsste eigentlich das ukrainische Parlament entscheiden, ob alle Vollmachten der st\u00e4dtischen Organe an die neue Milit\u00e4rverwaltung \u00fcbergehen. Wenn das so kommt, wird der Stadtrat entweder aufgel\u00f6st. Oder wir werden zu Abgeordneten auf dem Papier, ohne Einflussm\u00f6glichkeiten. Niemand hier wei\u00df, worauf wir uns genau einstellen m\u00fcssen.&#8220;<\/p>\n<p>    Opposition kritisiert Selenskyj<\/p>\n<p class=\"textabsatz m-ten m-offset-one l-eight l-offset-two columns twelve\">Maryna Bojko geh\u00f6rt der Partei &#8222;Europ\u00e4ische Solidarit\u00e4t&#8220; an. Diese Partei ist im ukrainischen Parlament die gr\u00f6\u00dfte Oppositionspartei. Aus ihren Reihen kommt immer wieder Kritik an Selenskyj. In Odessa \u00e4u\u00dfert sie aber ebenso Kritik an Noch-B\u00fcrgermeister Truchanow, der dort seine eigene, lokale Partei gegr\u00fcndet hat. Bojko meint: Dies sei ein Kampf um die Macht in Odessa.<\/p>\n<p class=\"textabsatz m-ten m-offset-one l-eight l-offset-two columns twelve\">&#8222;Mir scheint, das Vorgehen von Selenskyj ist nicht milit\u00e4risch notwendig. Das ist politisch motiviert. Es geht wohl darum, Odessa und seinen Haushalt zu kontrollieren. Ich will niemanden ohne Beweise beschuldigen. Aber hier geht es um viel Geld. Es kann sein, dass dies hier darum geht, diese Finanzstr\u00f6me zu kontrollieren.&#8220;\u00a0<\/p>\n<p>    Truchanow &#8211; eine umstrittene Figur<\/p>\n<p class=\"textabsatz m-ten m-offset-one l-eight l-offset-two columns twelve\">So sehen es auch viele unabh\u00e4ngige Beobachter. Zur Wahrheit geh\u00f6rt dabei, dass der Noch-B\u00fcrgermeister Truchanow eine sehr umstrittene Figur ist. Das Nationale Antikorruptionsb\u00fcro hat gegen ihn wegen m\u00f6glicher Vorteilsnahme ermittelt, das Verfahren l\u00e4uft noch. Bei der letzten Parlamentswahl vor der russischen Invasion trat Truchanow f\u00fcr eine prorussische Partei an, die inzwischen verboten ist. Zuletzt zog er sich den Unmut vieler Menschen zu, weil bei \u00dcberschwemmungen in der Stadt neun Menschen starben. Die Beh\u00f6rden hatten die Menschen viel zu sp\u00e4t vor dem Unwetter gewarnt. Deshalb gab es in Odessa in den vergangenen Tagen Kundgebungen von B\u00fcrgern, die das Vorgehen von Pr\u00e4sident Selenskyj feierten.<\/p>\n<p class=\"textabsatz m-ten m-offset-one l-eight l-offset-two columns twelve\">Truchanow weist unterdessen die Vorw\u00fcrfe gegen ihn zur\u00fcck. Er habe nie die russische Staatsb\u00fcrgerschaft besessen und werde gegen die Entscheidung von Pr\u00e4sident Selenskyj vor Gericht gehen.<\/p>\n","protected":false},"excerpt":{"rendered":"Stand: 16.10.2025 03:55 Uhr Erst entzog der ukrainische Pr\u00e4sident Selenskyj dem B\u00fcrgermeister von Odessa die Staatsangeh\u00f6rigkeit &#8211; nun&hellip;\n","protected":false},"author":2,"featured_media":502566,"comment_status":"","ping_status":"","sticky":false,"template":"","format":"standard","meta":{"footnotes":""},"categories":[5],"tags":[13,14,15,18223,12,10,8,9,11,317],"class_list":{"0":"post-502565","1":"post","2":"type-post","3":"status-publish","4":"format-standard","5":"has-post-thumbnail","7":"category-nachrichten","8":"tag-headlines","9":"tag-nachrichten","10":"tag-news","11":"tag-odessa","12":"tag-schlagzeilen","13":"tag-top-news","14":"tag-top-meldungen","15":"tag-topmeldungen","16":"tag-topnews","17":"tag-ukraine"},"share_on_mastodon":{"url":"https:\/\/pubeurope.com\/@de\/115382519614887149","error":""},"_links":{"self":[{"href":"https:\/\/www.europesays.com\/de\/wp-json\/wp\/v2\/posts\/502565","targetHints":{"allow":["GET"]}}],"collection":[{"href":"https:\/\/www.europesays.com\/de\/wp-json\/wp\/v2\/posts"}],"about":[{"href":"https:\/\/www.europesays.com\/de\/wp-json\/wp\/v2\/types\/post"}],"author":[{"embeddable":true,"href":"https:\/\/www.europesays.com\/de\/wp-json\/wp\/v2\/users\/2"}],"replies":[{"embeddable":true,"href":"https:\/\/www.europesays.com\/de\/wp-json\/wp\/v2\/comments?post=502565"}],"version-history":[{"count":0,"href":"https:\/\/www.europesays.com\/de\/wp-json\/wp\/v2\/posts\/502565\/revisions"}],"wp:featuredmedia":[{"embeddable":true,"href":"https:\/\/www.europesays.com\/de\/wp-json\/wp\/v2\/media\/502566"}],"wp:attachment":[{"href":"https:\/\/www.europesays.com\/de\/wp-json\/wp\/v2\/media?parent=502565"}],"wp:term":[{"taxonomy":"category","embeddable":true,"href":"https:\/\/www.europesays.com\/de\/wp-json\/wp\/v2\/categories?post=502565"},{"taxonomy":"post_tag","embeddable":true,"href":"https:\/\/www.europesays.com\/de\/wp-json\/wp\/v2\/tags?post=502565"}],"curies":[{"name":"wp","href":"https:\/\/api.w.org\/{rel}","templated":true}]}}