{"id":502583,"date":"2025-10-16T07:00:11","date_gmt":"2025-10-16T07:00:11","guid":{"rendered":"https:\/\/www.europesays.com\/de\/502583\/"},"modified":"2025-10-16T07:00:11","modified_gmt":"2025-10-16T07:00:11","slug":"pol-ma-mannheim-fahndungserfolg-nach-versuchtem-toetungsdelikt-in-der-mannheimer","status":"publish","type":"post","link":"https:\/\/www.europesays.com\/de\/502583\/","title":{"rendered":"POL-MA: Mannheim: Fahndungserfolg nach versuchtem T\u00f6tungsdelikt in der Mannheimer &#8230;"},"content":{"rendered":"<p class=\"date\">16.10.2025 \u2013 08:44<\/p>\n<p class=\"customer\">\n                        <a class=\"story-customer\" title=\"weiter zum newsroom von Polizeipr\u00e4sidium Mannheim\" href=\"https:\/\/www.presseportal.de\/blaulicht\/nr\/14915\" rel=\"nofollow noopener\" target=\"_blank\">Polizeipr\u00e4sidium Mannheim<\/a>\n                    <\/p>\n<p><a data-category=\"citylink-story-view\" data-action=\"click\" data-label=\"Citylink in Meldungsansicht\" class=\"story-city event-trigger\" href=\"https:\/\/www.presseportal.de\/regional\/Mannheim\" title=\"News aus Mannheim \" rel=\"nofollow noopener\" target=\"_blank\">Mannheim<\/a> (ots)<\/p>\n<p>Wie bereits berichtet (<a target=\"_blank\" class=\"uri-ext outbound\" rel=\"noopener nofollow\" href=\"https:\/\/www.presseportal.de\/blaulicht\/pm\/14915\/6131324\">https:\/\/www.presseportal.de\/blaulicht\/pm\/14915\/6131324<\/a>) kam es am Samstag, 04.10.2025, gegen 19 Uhr im Quadrat G 7 zu einem gr\u00f6\u00dferen Polizeieinsatz, nachdem ein Tatverd\u00e4chtiger zuvor einen Kiosk im Quadrat G 7 betrat und unmittelbar danach mehrfach auf einen 39-j\u00e4hrigen Mann geschossen hatte. Dieser wurde durch die Sch\u00fcsse lebensgef\u00e4hrlich verletzt, befindet sich aber nach einer Notoperation weiterhin in einem stabilen Gesundheitszustand.<\/p>\n<p>Der Sch\u00fctze konnte trotz unmittelbar eingeleiteter Fahndungsma\u00dfnahmen zun\u00e4chst unerkannt fliehen. Im Rahmen der intensiven Ermittlungen des Kriminalkommissariats Mannheim, in enger Zusammenarbeit mit der Zentralen Kriminaltechnik, konnte ein dringender Tatverdacht gegen einen 26-j\u00e4hrigen Mann erlangt werden.<\/p>\n<p>Dieser wurde am Montag, 13.10.2025 aufgrund eines gegen ihn erlassenen Haftbefehls des Amtsgerichts Mannheim wegen des Verdachts des versuchten Mordes durch die Polizei festgenommen und am darauffolgenden Tag dem Haftrichter vorgef\u00fchrt, welcher den Haftbefehl des Amtsgerichts Mannheim in Vollzug setzte.<\/p>\n<p>Der 26-J\u00e4hrige befindet sich aktuell in einer Justizvollzugsanstalt. Die weiteren Ermittlungen zu den Hintergr\u00fcnden des Tatgeschehens und dem Motiv der Tat werden durch das Fachdezernat des Kriminalkommissariats Mannheim der Kriminalpolizeidirektion Heidelberg gef\u00fchrt. Um die laufenden Ermittlungen nicht zu gef\u00e4hrden, sind weitere Ausk\u00fcnfte derzeit nicht m\u00f6glich.<\/p>\n<p class=\"contact-headline\">R\u00fcckfragen bitte an:<\/p>\n<p class=\"contact-text\">Polizeipr\u00e4sidium Mannheim<br \/>Stabsstelle \u00d6ffentlichkeitsarbeit<br \/>Michael Klump<br \/>Telefon: 0621 174-1111<br \/>E-Mail: <a href=\"https:\/\/www.presseportal.de\/blaulicht\/pm\/14915\/mailto: MANNHEIM.PP.STS.OE@polizei.bwl.de\" class=\"uri-mailto\" rel=\"nofollow noopener\" target=\"_blank\"> MANNHEIM.PP.STS.OE@polizei.bwl.de<\/a><br \/><a target=\"_blank\" class=\"uri-ext outbound\" rel=\"noopener nofollow\" href=\"http:\/\/www.polizei-bw.de\/\">http:\/\/www.polizei-bw.de\/<\/a><\/p>\n<p class=\"originator\">Original-Content von: Polizeipr\u00e4sidium Mannheim, \u00fcbermittelt durch news aktuell<\/p>\n","protected":false},"excerpt":{"rendered":"16.10.2025 \u2013 08:44 Polizeipr\u00e4sidium Mannheim Mannheim (ots) Wie bereits berichtet (https:\/\/www.presseportal.de\/blaulicht\/pm\/14915\/6131324) kam es am Samstag, 04.10.2025, gegen 19&hellip;\n","protected":false},"author":2,"featured_media":386213,"comment_status":"","ping_status":"","sticky":false,"template":"","format":"standard","meta":{"footnotes":""},"categories":[1845],"tags":[1634,6187,3364,29,548,663,3934,30,13,177,2096,14,15,121,178,180,179,181,12],"class_list":{"0":"post-502583","1":"post","2":"type-post","3":"status-publish","4":"format-standard","5":"has-post-thumbnail","7":"category-mannheim","8":"tag-baden-wuerttemberg","9":"tag-bw","10":"tag-de","11":"tag-deutschland","12":"tag-eu","13":"tag-europa","14":"tag-europe","15":"tag-germany","16":"tag-headlines","17":"tag-kriminalitt","18":"tag-mannheim","19":"tag-nachrichten","20":"tag-news","21":"tag-polizei","22":"tag-presse","23":"tag-pressemeldung","24":"tag-pressemitteilung","25":"tag-pressemitteilungen","26":"tag-schlagzeilen"},"share_on_mastodon":{"url":"https:\/\/pubeurope.com\/@de\/115382558678172765","error":""},"_links":{"self":[{"href":"https:\/\/www.europesays.com\/de\/wp-json\/wp\/v2\/posts\/502583","targetHints":{"allow":["GET"]}}],"collection":[{"href":"https:\/\/www.europesays.com\/de\/wp-json\/wp\/v2\/posts"}],"about":[{"href":"https:\/\/www.europesays.com\/de\/wp-json\/wp\/v2\/types\/post"}],"author":[{"embeddable":true,"href":"https:\/\/www.europesays.com\/de\/wp-json\/wp\/v2\/users\/2"}],"replies":[{"embeddable":true,"href":"https:\/\/www.europesays.com\/de\/wp-json\/wp\/v2\/comments?post=502583"}],"version-history":[{"count":0,"href":"https:\/\/www.europesays.com\/de\/wp-json\/wp\/v2\/posts\/502583\/revisions"}],"wp:featuredmedia":[{"embeddable":true,"href":"https:\/\/www.europesays.com\/de\/wp-json\/wp\/v2\/media\/386213"}],"wp:attachment":[{"href":"https:\/\/www.europesays.com\/de\/wp-json\/wp\/v2\/media?parent=502583"}],"wp:term":[{"taxonomy":"category","embeddable":true,"href":"https:\/\/www.europesays.com\/de\/wp-json\/wp\/v2\/categories?post=502583"},{"taxonomy":"post_tag","embeddable":true,"href":"https:\/\/www.europesays.com\/de\/wp-json\/wp\/v2\/tags?post=502583"}],"curies":[{"name":"wp","href":"https:\/\/api.w.org\/{rel}","templated":true}]}}