{"id":502586,"date":"2025-10-16T07:03:11","date_gmt":"2025-10-16T07:03:11","guid":{"rendered":"https:\/\/www.europesays.com\/de\/502586\/"},"modified":"2025-10-16T07:03:11","modified_gmt":"2025-10-16T07:03:11","slug":"aucom-investiert-in-sendenhorst-wirtschaft-aktuell","status":"publish","type":"post","link":"https:\/\/www.europesays.com\/de\/502586\/","title":{"rendered":"AuCom investiert in Sendenhorst | Wirtschaft aktuell"},"content":{"rendered":"\n<p>Weiteres Wachstum will AuCom zum Beispiel mit neuen Entwicklungen im Bereich der Hyperdatacenter-Technologien, die zus\u00e4tzliche Gesch\u00e4ftsfelder er\u00f6ffnen und die Innovationskraft des Unternehmens, hei\u00dft es. Die Kombination aus lokaler Verwurzelung und internationaler Technologief\u00fchrerschaft bilde das Fundament f\u00fcr eine langfristig erfolgreiche Unternehmensentwicklung.\u00a0<\/p>\n<p>AuCom besch\u00e4ftigt mittlerweile rund 200 Mitarbeiterinnen und Mitarbeiter am Standort Sendenhorst \u2013 inklusive der globalen Teams, die von dort aus gesteuert werden. Dar\u00fcber hinaus z\u00e4hlen rund 100 Mitarbeitende am Standort Christchurch in Neuseeland sowie rund 350 Mitarbeitende in Pittsburgh (USA) und Kanada zur Unternehmensgruppe. Beide internationalen Einheiten agieren als Schwester\ufb01rmen, w\u00e4hrend Sendenhorst die zentrale Verantwortung f\u00fcr das weltweite AuCom-Gesch\u00e4ft tr\u00e4gt und als globales Steuerungszentrum fungiert.\u00a0<\/p>\n","protected":false},"excerpt":{"rendered":"Weiteres Wachstum will AuCom zum Beispiel mit neuen Entwicklungen im Bereich der Hyperdatacenter-Technologien, die zus\u00e4tzliche Gesch\u00e4ftsfelder er\u00f6ffnen und&hellip;\n","protected":false},"author":2,"featured_media":502587,"comment_status":"","ping_status":"","sticky":false,"template":"","format":"standard","meta":{"footnotes":""},"categories":[1843],"tags":[125697,3364,29,30,11618,8970,1209,107408,125698],"class_list":{"0":"post-502586","1":"post","2":"type-post","3":"status-publish","4":"format-standard","5":"has-post-thumbnail","7":"category-muenster","8":"tag-aucom","9":"tag-de","10":"tag-deutschland","11":"tag-germany","12":"tag-investition","13":"tag-muenster","14":"tag-nordrhein-westfalen","15":"tag-sendenhorst","16":"tag-thomas-zirk-gunnemann"},"share_on_mastodon":{"url":"https:\/\/pubeurope.com\/@de\/115382570424866829","error":""},"_links":{"self":[{"href":"https:\/\/www.europesays.com\/de\/wp-json\/wp\/v2\/posts\/502586","targetHints":{"allow":["GET"]}}],"collection":[{"href":"https:\/\/www.europesays.com\/de\/wp-json\/wp\/v2\/posts"}],"about":[{"href":"https:\/\/www.europesays.com\/de\/wp-json\/wp\/v2\/types\/post"}],"author":[{"embeddable":true,"href":"https:\/\/www.europesays.com\/de\/wp-json\/wp\/v2\/users\/2"}],"replies":[{"embeddable":true,"href":"https:\/\/www.europesays.com\/de\/wp-json\/wp\/v2\/comments?post=502586"}],"version-history":[{"count":0,"href":"https:\/\/www.europesays.com\/de\/wp-json\/wp\/v2\/posts\/502586\/revisions"}],"wp:featuredmedia":[{"embeddable":true,"href":"https:\/\/www.europesays.com\/de\/wp-json\/wp\/v2\/media\/502587"}],"wp:attachment":[{"href":"https:\/\/www.europesays.com\/de\/wp-json\/wp\/v2\/media?parent=502586"}],"wp:term":[{"taxonomy":"category","embeddable":true,"href":"https:\/\/www.europesays.com\/de\/wp-json\/wp\/v2\/categories?post=502586"},{"taxonomy":"post_tag","embeddable":true,"href":"https:\/\/www.europesays.com\/de\/wp-json\/wp\/v2\/tags?post=502586"}],"curies":[{"name":"wp","href":"https:\/\/api.w.org\/{rel}","templated":true}]}}