{"id":502592,"date":"2025-10-16T07:06:24","date_gmt":"2025-10-16T07:06:24","guid":{"rendered":"https:\/\/www.europesays.com\/de\/502592\/"},"modified":"2025-10-16T07:06:24","modified_gmt":"2025-10-16T07:06:24","slug":"muenchen-herzerwaermend-jane-austen-und-das-chaos-in-meinem-leben","status":"publish","type":"post","link":"https:\/\/www.europesays.com\/de\/502592\/","title":{"rendered":"M\u00fcnchen | Herzerw\u00e4rmend: \u00abJane Austen und das Chaos in meinem Leben\u00bb"},"content":{"rendered":"<p>M\u00fcnchen (dpa) &#8211; Romantik ist auch heutzutage noch m\u00f6glich. Das beweist der franz\u00f6sische Liebesfilm \u00abJane Austen und das Chaos in meinem Leben\u00bb. Im Mittelpunkt: Agathe, die ihren Weg finden muss: in der Liebe ebenso wie als angehende Schriftstellerin.<\/p>\n<p>Humorvoll, nachdenklich und mit einer Portion Herzschmerz begleitet der Film die Buchh\u00e4ndlerin dabei und entf\u00fchrt sie aus der schn\u00f6den Gegenwart in die elegant-heimelige Welt des englischen Landadels vor mehr als 200 Jahren.<\/p>\n<p>Das falsche Jahrhundert?<\/p>\n<p>\u00abIch lebe einfach im falschen Jahrhundert\u00bb, stellt Agathe fest. Am liebsten tr\u00e4umt sie sich in die Welt von Austens Romanen und versucht sich selbst an Liebesromanen. Ihre eigene Gef\u00fchlswelt will sie dagegen nicht erkunden. Doch alles \u00e4ndert sich, als ihr bester Freund F\u00e9lix heimlich daf\u00fcr sorgt, dass sie zu einem Schreibworkshop in England eingeladen wird, der \u00abJane Austen Writers` Residency\u00bb.\u00a0<\/p>\n<p>Erst lehnt Agathe emp\u00f6rt ab, l\u00e4sst sich dann aber doch darauf ein. In der entspannten Atmosph\u00e4re eines eleganten Landsitzes lernt sie nicht nur andere Schriftsteller kennen, sondern auch Oliver, einen Ur-Ur-Ur-Ur-Gro\u00dfneffen Jane Austens, der sie \u00e4rgert, gleichzeitig aber auch fasziniert. Beste Bedingungen f\u00fcr eine Liebesgeschichte &#8211; h\u00e4tte Agathe nicht bereits ein anderes Techtelmechtel angefangen.<\/p>\n<p>Herzerw\u00e4rmendes Kino<\/p>\n<p>Laura Piani erz\u00e4hlt sympathisch und ohne Kitsch, wie Agathe die Str\u00e4nge ihres Lebens langsam entwirrt, mit am\u00fcsanten Dialogen und wunderbar gespielt von Camille Rutherford (\u00abAnatomie eines Falls\u00bb), im Original in einer Mischung aus Englisch und Franz\u00f6sisch.\u00a0<\/p>\n<p>Auch die anderen Rollen wurden mit Bedacht ausgew\u00e4hlt, etwa Charlie Anson (\u00abParis, Wine and Romance\u00bb) als Oliver, der zwar gut aussieht, sich selbst aber trotzdem irgendwie im Weg steht. Oder Pablo Pauly (\u00abDrei Tage und ein Leben\u00bb) in der Rolle des F\u00e9lix, der an den ganzen Verwicklungen nicht ganz unschuldig ist. Herzw\u00e4rmendes Kino also f\u00fcr graue Herbsttage.<\/p>\n","protected":false},"excerpt":{"rendered":"M\u00fcnchen (dpa) &#8211; Romantik ist auch heutzutage noch m\u00f6glich. Das beweist der franz\u00f6sische Liebesfilm \u00abJane Austen und das&hellip;\n","protected":false},"author":2,"featured_media":502593,"comment_status":"","ping_status":"","sticky":false,"template":"","format":"standard","meta":{"footnotes":""},"categories":[1841],"tags":[125684,1605,3364,29,92,30,95,1209],"class_list":{"0":"post-502592","1":"post","2":"type-post","3":"status-publish","4":"format-standard","5":"has-post-thumbnail","7":"category-bielefeld","8":"tag-kinostart-16-oktober","9":"tag-bielefeld","10":"tag-de","11":"tag-deutschland","12":"tag-film","13":"tag-germany","14":"tag-kino","15":"tag-nordrhein-westfalen"},"share_on_mastodon":{"url":"https:\/\/pubeurope.com\/@de\/115382582233235831","error":""},"_links":{"self":[{"href":"https:\/\/www.europesays.com\/de\/wp-json\/wp\/v2\/posts\/502592","targetHints":{"allow":["GET"]}}],"collection":[{"href":"https:\/\/www.europesays.com\/de\/wp-json\/wp\/v2\/posts"}],"about":[{"href":"https:\/\/www.europesays.com\/de\/wp-json\/wp\/v2\/types\/post"}],"author":[{"embeddable":true,"href":"https:\/\/www.europesays.com\/de\/wp-json\/wp\/v2\/users\/2"}],"replies":[{"embeddable":true,"href":"https:\/\/www.europesays.com\/de\/wp-json\/wp\/v2\/comments?post=502592"}],"version-history":[{"count":0,"href":"https:\/\/www.europesays.com\/de\/wp-json\/wp\/v2\/posts\/502592\/revisions"}],"wp:featuredmedia":[{"embeddable":true,"href":"https:\/\/www.europesays.com\/de\/wp-json\/wp\/v2\/media\/502593"}],"wp:attachment":[{"href":"https:\/\/www.europesays.com\/de\/wp-json\/wp\/v2\/media?parent=502592"}],"wp:term":[{"taxonomy":"category","embeddable":true,"href":"https:\/\/www.europesays.com\/de\/wp-json\/wp\/v2\/categories?post=502592"},{"taxonomy":"post_tag","embeddable":true,"href":"https:\/\/www.europesays.com\/de\/wp-json\/wp\/v2\/tags?post=502592"}],"curies":[{"name":"wp","href":"https:\/\/api.w.org\/{rel}","templated":true}]}}