{"id":502594,"date":"2025-10-16T07:07:28","date_gmt":"2025-10-16T07:07:28","guid":{"rendered":"https:\/\/www.europesays.com\/de\/502594\/"},"modified":"2025-10-16T07:07:28","modified_gmt":"2025-10-16T07:07:28","slug":"uebernachtungen-durch-kurzzeitvermietung-angestiegen-radio-wuppertal","status":"publish","type":"post","link":"https:\/\/www.europesays.com\/de\/502594\/","title":{"rendered":"\u00dcbernachtungen durch Kurzzeitvermietung angestiegen &#8211; Radio Wuppertal"},"content":{"rendered":"<p class=\"small date article__date\">Ver\u00f6ffentlicht:\u00a0Donnerstag, 16.10.2025 05:44<\/p>\n<p>Die Zahl der \u00dcbernachtungen durch Kurzzeitvermietung in Wuppertal hat sich innerhalb von f\u00fcnf Jahren fast verdoppelt. Im Jahr 2023 waren es fast 90.600 (90.557) \u00dcbernachtungen, im Jahr 2018 gut 41.700 (41.702). Fast die H\u00e4lfte der G\u00e4ste kam aus dem Ausland. Auch landesweit hat es mehr touristische \u00dcbernachtungen gegeben, da gab es einen Zuwachs von fast 67 (66,9) Prozent. In der <a href=\"https:\/\/www.it.nrw\/nrw-zuwachs-bei-uebernachtungen-durch-kurzzeitvermietung-ueber-buchungsplattformen\" rel=\"noopener noreferrer nofollow\" target=\"_blank\">Landesstatistik <\/a>wurden Kurzzeitvermietungen \u00fcber die Plattformen Airbnb, Booking.com, Expedia und Tripadvisor erfasst. Die Landesstatistiker melden, dass es 2023 die meisten \u00dcbernachtungen \u00fcber Buchungsplattformen im Hochsauerlandkreis gab. Die meisten \u00dcbernachtungen von ausl\u00e4ndischen G\u00e4sten gab es in K\u00f6ln.\u00a0<\/p>\n<p><img decoding=\"async\" alt=\"\" src=\"https:\/\/www.europesays.com\/de\/wp-content\/uploads\/2025\/10\/hotel.jpg&#038;crop=0x24x816x510&#038;resize=816x510&#038;dt=202007161301020.jpeg\" data-size=\"816x510\"\/><\/p>\n","protected":false},"excerpt":{"rendered":"Ver\u00f6ffentlicht:\u00a0Donnerstag, 16.10.2025 05:44 Die Zahl der \u00dcbernachtungen durch Kurzzeitvermietung in Wuppertal hat sich innerhalb von f\u00fcnf Jahren fast&hellip;\n","protected":false},"author":2,"featured_media":502595,"comment_status":"","ping_status":"","sticky":false,"template":"","format":"standard","meta":{"footnotes":""},"categories":[1840],"tags":[3275,3364,29,30,1209,4418],"class_list":{"0":"post-502594","1":"post","2":"type-post","3":"status-publish","4":"format-standard","5":"has-post-thumbnail","7":"category-wuppertal","8":"tag-lokalnachrichten","9":"tag-de","10":"tag-deutschland","11":"tag-germany","12":"tag-nordrhein-westfalen","13":"tag-wuppertal"},"share_on_mastodon":{"url":"https:\/\/pubeurope.com\/@de\/115382586751701157","error":""},"_links":{"self":[{"href":"https:\/\/www.europesays.com\/de\/wp-json\/wp\/v2\/posts\/502594","targetHints":{"allow":["GET"]}}],"collection":[{"href":"https:\/\/www.europesays.com\/de\/wp-json\/wp\/v2\/posts"}],"about":[{"href":"https:\/\/www.europesays.com\/de\/wp-json\/wp\/v2\/types\/post"}],"author":[{"embeddable":true,"href":"https:\/\/www.europesays.com\/de\/wp-json\/wp\/v2\/users\/2"}],"replies":[{"embeddable":true,"href":"https:\/\/www.europesays.com\/de\/wp-json\/wp\/v2\/comments?post=502594"}],"version-history":[{"count":0,"href":"https:\/\/www.europesays.com\/de\/wp-json\/wp\/v2\/posts\/502594\/revisions"}],"wp:featuredmedia":[{"embeddable":true,"href":"https:\/\/www.europesays.com\/de\/wp-json\/wp\/v2\/media\/502595"}],"wp:attachment":[{"href":"https:\/\/www.europesays.com\/de\/wp-json\/wp\/v2\/media?parent=502594"}],"wp:term":[{"taxonomy":"category","embeddable":true,"href":"https:\/\/www.europesays.com\/de\/wp-json\/wp\/v2\/categories?post=502594"},{"taxonomy":"post_tag","embeddable":true,"href":"https:\/\/www.europesays.com\/de\/wp-json\/wp\/v2\/tags?post=502594"}],"curies":[{"name":"wp","href":"https:\/\/api.w.org\/{rel}","templated":true}]}}