{"id":502599,"date":"2025-10-16T07:10:18","date_gmt":"2025-10-16T07:10:18","guid":{"rendered":"https:\/\/www.europesays.com\/de\/502599\/"},"modified":"2025-10-16T07:10:18","modified_gmt":"2025-10-16T07:10:18","slug":"neuer-radtreff-in-wattenscheid-startet-ende-oktober","status":"publish","type":"post","link":"https:\/\/www.europesays.com\/de\/502599\/","title":{"rendered":"Neuer RadTreff in Wattenscheid startet Ende Oktober"},"content":{"rendered":"<p class=\"small date article__date\">Ver\u00f6ffentlicht:\u00a0Donnerstag, 16.10.2025 07:52<\/p>\n<p>Der ADFC Bochum will in Wattenscheid wieder st\u00e4rker pr\u00e4sent sein und startet Ende Oktober ein neues Angebot f\u00fcr alle, die gerne Rad fahren oder sich f\u00fcr nachhaltige Mobilit\u00e4t interessieren.<\/p>\n<p><img decoding=\"async\" alt=\"Radfahrer auf dem RS 1 in Bochum\" src=\"https:\/\/www.europesays.com\/de\/wp-content\/uploads\/2025\/10\/rs1_gruener-rahmen_09.11.2021_gegenverkehr_4496438012.jpg&#038;crop=0x0x1125x703&#038;resize=1125x703&#038;dt=20211.jpeg\" data-size=\"1125x703\"\/>\u00a9 ADFC BochumAustausch rund ums Fahrrad<\/p>\n<p>Am 30. Oktober findet in der Grundschule Leithe an der Schulstra\u00dfe 7 von 18 bis 20 Uhr der erste RadTreff Wattenscheid statt. Der Stammtisch richtet sich an alle, die regelm\u00e4\u00dfig oder gelegentlich Rad fahren, Fragen rund ums Fahrrad haben oder einfach mit anderen ins Gespr\u00e4ch kommen m\u00f6chten. Der Allgemeine Deutsche Fahrrad-Club (ADFC) Bochum m\u00f6chte mit dem neuen Treffpunkt das Radleben im Stadtteil wiederbeleben. Nach den coronabedingten Einschr\u00e4nkungen und knapperen Ressourcen war Wattenscheid zuletzt in der Vereinsarbeit etwas in den Hintergrund geraten, so der ADFC. <\/p>\n<p>Fahrradcodierung und mobiler Service zum Auftakt<\/p>\n<p>Zum Start des neuen Formats gibt es zwei besondere Aktionen: Der ADFC Castrop-Rauxel bietet vor Ort eine Fahrradcodierung an. Dabei wird ein individueller Code in den Rahmen des Fahrrads graviert. So kann es nach einem Diebstahl leichter identifiziert und seinem Besitzer zugeordnet werden. Die Kosten liegen bei 10 Euro f\u00fcr Mitglieder und 15 Euro f\u00fcr Nichtmitglieder. F\u00fcr die Codierung werden Personalausweis und Kaufbeleg des Fahrrads ben\u00f6tigt. Au\u00dferdem ist der \u201eLittleBikeBus\u201c, ein mobiler Fahrradservice, mit dabei. Inhaber Stefan Lill beantwortet Fragen rund um Wartung, Reparaturen und Pflege und gibt praktische Tipps.<\/p>\n<p>Viertelj\u00e4hrlicher Treff geplant<\/p>\n<p>Der RadTreff Wattenscheid soll k\u00fcnftig viertelj\u00e4hrlich stattfinden und als offene Plattform f\u00fcr alle Radinteressierten dienen \u2013 vom Alltagsradler bis zur Neueinsteigerin. <\/p>\n<blockquote><p>\u201eMit dem RadTreff wollen wir Wattenscheid wieder st\u00e4rker einbinden, neue Gesichter erreichen und zeigen, dass Radfahren hier lebt und verbindet\u201c &#8211; Sandra Weber, Vorsitzende des ADFC Bochum. <\/p><\/blockquote>\n<p>Weitere Informationen gibt es <a href=\"https:\/\/bochum.adfc.de\/neuigkeit\/neuer-radtreff-wattenscheid-ab-30-oktober-gehts-los\" rel=\"noopener noreferrer nofollow\" target=\"_blank\">hier.<\/a><\/p>\n","protected":false},"excerpt":{"rendered":"Ver\u00f6ffentlicht:\u00a0Donnerstag, 16.10.2025 07:52 Der ADFC Bochum will in Wattenscheid wieder st\u00e4rker pr\u00e4sent sein und startet Ende Oktober ein&hellip;\n","protected":false},"author":2,"featured_media":158509,"comment_status":"","ping_status":"","sticky":false,"template":"","format":"standard","meta":{"footnotes":""},"categories":[1839],"tags":[7380,7507,3364,29,1234,30,1209,35662],"class_list":{"0":"post-502599","1":"post","2":"type-post","3":"status-publish","4":"format-standard","5":"has-post-thumbnail","7":"category-bochum","8":"tag-adfc","9":"tag-bochum","10":"tag-de","11":"tag-deutschland","12":"tag-fahrrad","13":"tag-germany","14":"tag-nordrhein-westfalen","15":"tag-wattenscheid"},"share_on_mastodon":{"url":"https:\/\/pubeurope.com\/@de\/115382598055785044","error":""},"_links":{"self":[{"href":"https:\/\/www.europesays.com\/de\/wp-json\/wp\/v2\/posts\/502599","targetHints":{"allow":["GET"]}}],"collection":[{"href":"https:\/\/www.europesays.com\/de\/wp-json\/wp\/v2\/posts"}],"about":[{"href":"https:\/\/www.europesays.com\/de\/wp-json\/wp\/v2\/types\/post"}],"author":[{"embeddable":true,"href":"https:\/\/www.europesays.com\/de\/wp-json\/wp\/v2\/users\/2"}],"replies":[{"embeddable":true,"href":"https:\/\/www.europesays.com\/de\/wp-json\/wp\/v2\/comments?post=502599"}],"version-history":[{"count":0,"href":"https:\/\/www.europesays.com\/de\/wp-json\/wp\/v2\/posts\/502599\/revisions"}],"wp:featuredmedia":[{"embeddable":true,"href":"https:\/\/www.europesays.com\/de\/wp-json\/wp\/v2\/media\/158509"}],"wp:attachment":[{"href":"https:\/\/www.europesays.com\/de\/wp-json\/wp\/v2\/media?parent=502599"}],"wp:term":[{"taxonomy":"category","embeddable":true,"href":"https:\/\/www.europesays.com\/de\/wp-json\/wp\/v2\/categories?post=502599"},{"taxonomy":"post_tag","embeddable":true,"href":"https:\/\/www.europesays.com\/de\/wp-json\/wp\/v2\/tags?post=502599"}],"curies":[{"name":"wp","href":"https:\/\/api.w.org\/{rel}","templated":true}]}}