{"id":502603,"date":"2025-10-16T07:13:13","date_gmt":"2025-10-16T07:13:13","guid":{"rendered":"https:\/\/www.europesays.com\/de\/502603\/"},"modified":"2025-10-16T07:13:13","modified_gmt":"2025-10-16T07:13:13","slug":"us-journalisten-geben-aus-protest-pentagon-ausweise-ab","status":"publish","type":"post","link":"https:\/\/www.europesays.com\/de\/502603\/","title":{"rendered":"US-Journalisten geben aus Protest Pentagon-Ausweise ab"},"content":{"rendered":"<p>            <img loading=\"lazy\" decoding=\"async\" class=\"ts-image\" src=\"https:\/\/www.europesays.com\/de\/wp-content\/uploads\/2025\/10\/pentagon-journalisten-100.jpg\" alt=\"Menschen tragen Kartons aus dem Pentagon\" title=\"Menschen tragen Kartons aus dem Pentagon | AP\"\/><\/p>\n<p class=\"metatextline\">Stand: 16.10.2025 08:51 Uhr<\/p>\n<p class=\"textabsatz columns twelve  m-ten  m-offset-one l-eight l-offset-two\">\n        <strong>Die US-Regierung will die Medien st\u00e4rker einschr\u00e4nken. Wegen neuer Restriktionen ziehen sich nun fast alle Journalisten aus dem Pentagon zur\u00fcck &#8211; auch der Ex-Arbeitgeber von Minister Hegseth.<\/strong>\n    <\/p>\n<p class=\"textabsatz m-ten m-offset-one l-eight l-offset-two columns twelve\">Zahlreiche US-Reporterinnen und -Reporter haben aus Protest gegen von der Regierung erhobene Regeln zur Berichterstattung ihre B\u00fcros im Pentagon verlassen. Sie gaben ihre Zugangsausweise ab. Laut der Nachrichtenagentur AP lehnen &#8222;nahezu alle Medien&#8220; die von Kriegsminister Pete Hegseth erlassenen Vorgaben ab. Sie sehen vor, dass Journalisten aus dem Pentagon ausgewiesen werden k\u00f6nnen, wenn sie \u00fcber Informationen berichten, die nicht von Hegseth zur Ver\u00f6ffentlichung freigegeben wurden.<\/p>\n<p class=\"textabsatz m-ten m-offset-one l-eight l-offset-two columns twelve\">US-Medien hatten unter Berufung auf ein Memo berichtet, dass Journalisten k\u00fcnftig keine Informationen ohne Genehmigung des Pentagons ver\u00f6ffentlichen d\u00fcrfen &#8211; sonst k\u00f6nnten sie ihren Zugang zum Geb\u00e4ude verlieren. Reporter h\u00e4tten sich bis Mittwoch, 17 Uhr (Ortszeit) per Unterschrift zur Einhaltung verpflichten sollen. Nach Verstreichen der Frist h\u00e4tten die Berichterstatter demnach binnen 24 Stunden ihren Ausweis abgeben und ihren Platz r\u00e4umen m\u00fcssen.<\/p>\n<p class=\"textabsatz m-ten m-offset-one l-eight l-offset-two columns twelve\">Den Angaben nach verlie\u00dfen etwa 40 bis 50 Journalisten gemeinsam das Geb\u00e4ude und trugen St\u00fchle, einen Kopierer, B\u00fccher und Fotos auf den Parkplatz des Ministeriums.<\/p>\n<p>    Schreibtisch nach fast 20 Jahren ger\u00e4umt<\/p>\n<p class=\"textabsatz m-ten m-offset-one l-eight l-offset-two columns twelve\"><a href=\"https:\/\/www.reuters.com\/business\/media-telecom\/pentagon-journalists-vacate-workspace-new-restrictions-take-effect-2025-10-15\/\" title=\"Reuters: Pentagon journalists vacate workspace\" class=\"textlink--extern js-link-dialog\" rel=\"noopener noreferrer nofollow\" target=\"_blank\" data-type=\"external\">Die Nachrichtenagentur Reuters meldet<\/a>, allein mindestens 30 Nachrichtenorganisationen, darunter sie selbst, lehnten die Unterzeichnung der neuen Richtlinie ab und begr\u00fcndeten dies mit einer Bedrohung der Pressefreiheit und ihrer F\u00e4higkeit, unabh\u00e4ngige Berichterstattung &#8222;\u00fcber das m\u00e4chtigste Milit\u00e4r der Welt&#8220; zu betreiben. Mehrere gro\u00dfe US-Nachrichtensender hatten sich bereits vorab \u00f6ffentlich geweigert, die neuen Richtlinien zu akzeptieren.<\/p>\n<p class=\"textabsatz m-ten m-offset-one l-eight l-offset-two columns twelve\">Aus einem von CBS News geteilten Post war hervorgegangen, dass dazu neben dem Sender selbst auch ABC News, CNN und NBC News z\u00e4hlen.\u00a0Berichten zufolge schlossen sich auch die konservativen Medien\u00a0Fox\u00a0News &#8211; wo Hegseth selbst einst besch\u00e4ftigt war -,\u00a0Washington Times\u00a0und\u00a0Newsmax\u00a0an. Als bisher einziges Medienunternehmen habe das rechte One America News Network OANN den Bedingungen zugestimmt.<\/p>\n<p class=\"textabsatz m-ten m-offset-one l-eight l-offset-two columns twelve\">&#8222;Es ist traurig, aber ich bin auch wirklich stolz auf das Pressekorps, dass wir zusammengehalten haben&#8220;, sagte Nancy Youssef, Reporterin bei The Atlantic, die seit 2007 einen Schreibtisch im Pentagon hatte.<\/p>\n<p class=\"textabsatz m-ten m-offset-one l-eight l-offset-two columns twelve\">Youssef sagte, es ergebe keinen Sinn, Regeln zu unterzeichnen, die vorschreiben, dass Reporter keine Milit\u00e4rbeamten um Informationen bitten d\u00fcrfen. &#8222;Wer zustimmt, keine Informationen anzufordern, stimmt zu, kein Journalist mehr zu sein&#8220;, sagte sie. &#8222;Unser ganzes Ziel ist es, Informationen zu beschaffen.&#8220;<\/p>\n<p>    Regierung spricht von &#8222;st\u00f6render&#8220; Presse<\/p>\n<p class=\"textabsatz m-ten m-offset-one l-eight l-offset-two columns twelve\">Schon vor Einf\u00fchrung seiner neuen Pressepolitik hatte <a href=\"https:\/\/www.tagesschau.de\/ausland\/amerika\/hegseth-us-senat-100.html\" title=\"US-Senat best\u00e4tigt Hegseth als Verteidigungsminister\" rel=\"nofollow noopener\" target=\"_blank\">Hegseth, ein ehemaliger Fox-News-Moderator<\/a>, den <a href=\"https:\/\/www.tagesschau.de\/ausland\/amerika\/pentagon-journalisten-regeln-100.html\" title=\"Weniger Zugang f\u00fcr Reporter auch im US-Verteidigungsministerium\" rel=\"nofollow noopener\" target=\"_blank\">Informationsfluss eingeschr\u00e4nkt<\/a>. Er hielt nur zwei formelle Pressebriefings ab, untersagte Journalisten den Zugang zu vielen Bereichen des Pentagons ohne Begleitung und leitete Ermittlungen zu Medienlecks ein.<\/p>\n<p class=\"textabsatz m-ten m-offset-one l-eight l-offset-two columns twelve\">Die Regierung lie\u00df laut AP verlauten, mit den neuen Regeln wolle man eine &#8222;sehr st\u00f6rende&#8220; Presse regulieren. Dabei handle es sich um &#8222;gesunden Menschenverstand&#8220;. US-Pr\u00e4sident Donald Trump hat sich seit seinem Amtsantritt mit mehreren Medien juristische Auseinandersetzungen geliefert &#8211; darunter die <a href=\"https:\/\/www.tagesschau.de\/ausland\/amerika\/trump-klage-new-york-times-100.html\" title=\"Gericht weist Trump-Klage gegen New York Times ab\" rel=\"nofollow noopener\" target=\"_blank\">New York Times<\/a>, das Wall Street Journal, die Fernsehsender CBS News und ABC News sowie die Nachrichtenagenturen AP und Reuters.<\/p>\n<p>    Berichterstattung soll weiterlaufen<\/p>\n<p class=\"textabsatz m-ten m-offset-one l-eight l-offset-two columns twelve\">Die Pentagon Press Association, die mehr als 100 Nachrichtenorganisationen, darunter Reuters, vertritt, teilte in einer Erkl\u00e4rung mit, der Mittwoch sei &#8222;ein schwarzer Tag f\u00fcr die Pressefreiheit gewesen, der Bedenken hinsichtlich des nachlassenden Engagements der USA f\u00fcr Transparenz in der Regierungsf\u00fchrung, f\u00fcr \u00f6ffentliche Rechenschaftspflicht im Pentagon und f\u00fcr freie Meinungs\u00e4u\u00dferung f\u00fcr alle aufkommen l\u00e4sst&#8220;.<\/p>\n<p class=\"textabsatz m-ten m-offset-one l-eight l-offset-two columns twelve\">Die Journalisten k\u00fcndigten an, weiterhin intensiv \u00fcber das US-Milit\u00e4r berichten zu wollen, auch wenn dies k\u00fcnftig aus gr\u00f6\u00dferer Distanz geschehen m\u00fcsse.<\/p>\n","protected":false},"excerpt":{"rendered":"Stand: 16.10.2025 08:51 Uhr Die US-Regierung will die Medien st\u00e4rker einschr\u00e4nken. Wegen neuer Restriktionen ziehen sich nun fast&hellip;\n","protected":false},"author":2,"featured_media":502604,"comment_status":"","ping_status":"","sticky":false,"template":"","format":"standard","meta":{"footnotes":""},"categories":[3977],"tags":[331,332,13,23604,14,15,9823,12,4017,4018,4016,64,4019,4020],"class_list":{"0":"post-502603","1":"post","2":"type-post","3":"status-publish","4":"format-standard","5":"has-post-thumbnail","7":"category-usa","8":"tag-aktuelle-nachrichten","9":"tag-aktuelle-news","10":"tag-headlines","11":"tag-hegseth","12":"tag-nachrichten","13":"tag-news","14":"tag-pressefreiheit","15":"tag-schlagzeilen","16":"tag-united-states","17":"tag-united-states-of-america","18":"tag-us","19":"tag-usa","20":"tag-vereinigte-staaten","21":"tag-vereinigte-staaten-von-amerika"},"share_on_mastodon":{"url":"https:\/\/pubeurope.com\/@de\/115382610584559337","error":""},"_links":{"self":[{"href":"https:\/\/www.europesays.com\/de\/wp-json\/wp\/v2\/posts\/502603","targetHints":{"allow":["GET"]}}],"collection":[{"href":"https:\/\/www.europesays.com\/de\/wp-json\/wp\/v2\/posts"}],"about":[{"href":"https:\/\/www.europesays.com\/de\/wp-json\/wp\/v2\/types\/post"}],"author":[{"embeddable":true,"href":"https:\/\/www.europesays.com\/de\/wp-json\/wp\/v2\/users\/2"}],"replies":[{"embeddable":true,"href":"https:\/\/www.europesays.com\/de\/wp-json\/wp\/v2\/comments?post=502603"}],"version-history":[{"count":0,"href":"https:\/\/www.europesays.com\/de\/wp-json\/wp\/v2\/posts\/502603\/revisions"}],"wp:featuredmedia":[{"embeddable":true,"href":"https:\/\/www.europesays.com\/de\/wp-json\/wp\/v2\/media\/502604"}],"wp:attachment":[{"href":"https:\/\/www.europesays.com\/de\/wp-json\/wp\/v2\/media?parent=502603"}],"wp:term":[{"taxonomy":"category","embeddable":true,"href":"https:\/\/www.europesays.com\/de\/wp-json\/wp\/v2\/categories?post=502603"},{"taxonomy":"post_tag","embeddable":true,"href":"https:\/\/www.europesays.com\/de\/wp-json\/wp\/v2\/tags?post=502603"}],"curies":[{"name":"wp","href":"https:\/\/api.w.org\/{rel}","templated":true}]}}