{"id":502605,"date":"2025-10-16T07:14:11","date_gmt":"2025-10-16T07:14:11","guid":{"rendered":"https:\/\/www.europesays.com\/de\/502605\/"},"modified":"2025-10-16T07:14:11","modified_gmt":"2025-10-16T07:14:11","slug":"britische-wirtschaft-waechst-im-august-um-01-meldet-ons","status":"publish","type":"post","link":"https:\/\/www.europesays.com\/de\/502605\/","title":{"rendered":"Britische Wirtschaft w\u00e4chst im August um 0,1 %, meldet ONS"},"content":{"rendered":"<p>Die britische Wirtschaft ist im August um 0,1\u00a0% gewachsen, nachdem sie im Juli um 0,1\u00a0% zur\u00fcckgegangen war. Das zeigen offizielle Daten, die am Donnerstag vom Office for National Statistics (ONS) ver\u00f6ffentlicht wurden.<\/p>\n<p>\nVon Reuters befragte \u00d6konomen hatten prognostiziert, dass das britische Bruttoinlandsprodukt im August gegen\u00fcber Juli um 0,1\u00a0% zulegen w\u00fcrde.<\/p>\n<p>\nDie Bank of England hatte ihre Wachstumsprognose f\u00fcr das dritte Quartal im vergangenen Monat von zuvor 0,3\u00a0% auf 0,4\u00a0% angehoben.<\/p>\n<p>\nDie geldpolitischen Entscheidungstr\u00e4ger der Bank of England, die den Leitzins im September bei 4\u00a0% belie\u00dfen, versuchen, eine Wirtschaft zu steuern, die zwar mit hartn\u00e4ckiger Inflation, aber nur schwachem Wachstum zu k\u00e4mpfen hat.<\/p>\n<p>\nNotenbankchef Andrew Bailey erkl\u00e4rte am Dienstag, dass sich der britische Arbeitsmarkt abschw\u00e4che und der Inflationsdruck nachlasse, nachdem offizielle Zahlen zeigten, dass die Arbeitslosigkeit auf den h\u00f6chsten Stand seit 2021 gestiegen ist und das Lohnwachstum im Privatsektor sich verlangsamt hat.<\/p>\n","protected":false},"excerpt":{"rendered":"Die britische Wirtschaft ist im August um 0,1\u00a0% gewachsen, nachdem sie im Juli um 0,1\u00a0% zur\u00fcckgegangen war. Das&hellip;\n","protected":false},"author":2,"featured_media":502606,"comment_status":"","ping_status":"","sticky":false,"template":"","format":"standard","meta":{"footnotes":""},"categories":[3976],"tags":[331,332,665,13,14,15,12,3992,3993,3994,3995,3996,3997],"class_list":{"0":"post-502605","1":"post","2":"type-post","3":"status-publish","4":"format-standard","5":"has-post-thumbnail","7":"category-vereinigtes-koenigreich","8":"tag-aktuelle-nachrichten","9":"tag-aktuelle-news","10":"tag-boerse","11":"tag-headlines","12":"tag-nachrichten","13":"tag-news","14":"tag-schlagzeilen","15":"tag-uk","16":"tag-united-kingdom","17":"tag-united-kingdom-of-great-britain-and-northern-ireland","18":"tag-vereinigtes-koenigreich","19":"tag-vereinigtes-koenigreich-grossbritannien-und-nordirland","20":"tag-vereinigtes-koenigreich-von-grossbritannien-und-nordirland"},"share_on_mastodon":{"url":"https:\/\/pubeurope.com\/@de\/115382613834748154","error":""},"_links":{"self":[{"href":"https:\/\/www.europesays.com\/de\/wp-json\/wp\/v2\/posts\/502605","targetHints":{"allow":["GET"]}}],"collection":[{"href":"https:\/\/www.europesays.com\/de\/wp-json\/wp\/v2\/posts"}],"about":[{"href":"https:\/\/www.europesays.com\/de\/wp-json\/wp\/v2\/types\/post"}],"author":[{"embeddable":true,"href":"https:\/\/www.europesays.com\/de\/wp-json\/wp\/v2\/users\/2"}],"replies":[{"embeddable":true,"href":"https:\/\/www.europesays.com\/de\/wp-json\/wp\/v2\/comments?post=502605"}],"version-history":[{"count":0,"href":"https:\/\/www.europesays.com\/de\/wp-json\/wp\/v2\/posts\/502605\/revisions"}],"wp:featuredmedia":[{"embeddable":true,"href":"https:\/\/www.europesays.com\/de\/wp-json\/wp\/v2\/media\/502606"}],"wp:attachment":[{"href":"https:\/\/www.europesays.com\/de\/wp-json\/wp\/v2\/media?parent=502605"}],"wp:term":[{"taxonomy":"category","embeddable":true,"href":"https:\/\/www.europesays.com\/de\/wp-json\/wp\/v2\/categories?post=502605"},{"taxonomy":"post_tag","embeddable":true,"href":"https:\/\/www.europesays.com\/de\/wp-json\/wp\/v2\/tags?post=502605"}],"curies":[{"name":"wp","href":"https:\/\/api.w.org\/{rel}","templated":true}]}}